{"id":6211,"date":"2023-12-22T05:55:53","date_gmt":"2023-12-22T04:55:53","guid":{"rendered":"https:\/\/www.muatsdrawig.at\/?p=6211"},"modified":"2024-01-11T21:28:49","modified_gmt":"2024-01-11T20:28:49","slug":"vegan-advent-market-spittelberg-vienna","status":"publish","type":"post","link":"https:\/\/www.muatsdrawig.at\/en\/veganer-adventmarkt-spittelberg-wien","title":{"rendered":"The vegan Advent market - Christmas market on Spittelberg in Vienna"},"content":{"rendered":"<h2>If you fancy vegan treats at an Advent market, then the Christmas market on Spittelberg in Vienna is just the place for you! In addition to the classic dishes, there is also plenty of vegan choice here.<\/h2>\n<p>The <a href=\"https:\/\/spittelberg.at\" target=\"_blank\" rel=\"noopener\">Christmas market on Spittelberg<\/a> is definitely one of my favourite Advent markets. We take around 4 hours travelling time by train to try our way through the vegan variety at this Christmas market in Spittelberg. Despite the narrow alleyways and the crowds, you can enjoy a great Christmas atmosphere here - at a fair price for the individual dishes, snacks and drinks.<\/p>\n<p>For us as vegans from the village, it's always an absolute highlight, as there are lots of vegan alternatives here. \ud83c\udf31<\/p>\n<p>&nbsp;<\/p>\n<div class=\"tiled-gallery type-square tiled-gallery-unresized\" data-original-width=\"500\" data-carousel-extra='null' itemscope itemtype=\"http:\/\/schema.org\/ImageGallery\" > <div class=\"gallery-row\" style=\"width: 500px; height: 166px;\" data-original-width=\"500\" data-original-height=\"166\" > <div class=\"gallery-group\" style=\"width: 166px; height: 166px;\" data-original-width=\"166\" data-original-height=\"166\" > <div class=\"tiled-gallery-item\" itemprop=\"associatedMedia\" itemscope itemtype=\"http:\/\/schema.org\/ImageObject\"> <a href=\"https:\/\/i0.wp.com\/www.muatsdrawig.at\/wp-content\/uploads\/2023\/12\/DSC01771-Enhanced-NR-scaled.jpeg?ssl=1\" border=\"0\" itemprop=\"url\"> <meta itemprop=\"width\" content=\"162\"> <meta itemprop=\"height\" content=\"162\"> <img loading=\"lazy\" decoding=\"async\" class=\"\" data-attachment-id=\"6224\" data-orig-file=\"https:\/\/www.muatsdrawig.at\/wp-content\/uploads\/2023\/12\/DSC01771-Enhanced-NR-scaled.jpeg\" data-orig-size=\"1707,2560\" data-comments-opened=\"1\" data-image-meta=\"{&quot;aperture&quot;:&quot;1.4&quot;,&quot;credit&quot;:&quot;Elyas Dareshouri&quot;,&quot;camera&quot;:&quot;ILCE-7M4&quot;,&quot;caption&quot;:&quot;&quot;,&quot;created_timestamp&quot;:&quot;1702914578&quot;,&quot;copyright&quot;:&quot;Elyas Dareshouri - www.muatsdrawig.at&quot;,&quot;focal_length&quot;:&quot;50&quot;,&quot;iso&quot;:&quot;320&quot;,&quot;shutter_speed&quot;:&quot;0.01&quot;,&quot;title&quot;:&quot;&quot;,&quot;orientation&quot;:&quot;0&quot;}\" data-image-title=\"Der vegane Adventmarkt &amp;#8211; Weihnachtsmarkt am Spittelberg in Wien\" data-image-description=\"&lt;p&gt;Ein Marktstand mit Holzschildern und sch\u00f6ner Beleuchtung.&lt;\/p&gt; \" data-medium-file=\"https:\/\/i0.wp.com\/www.muatsdrawig.at\/wp-content\/uploads\/2023\/12\/DSC01771-Enhanced-NR-scaled.jpeg?fit=200%2C300&#038;ssl=1\" data-large-file=\"https:\/\/i0.wp.com\/www.muatsdrawig.at\/wp-content\/uploads\/2023\/12\/DSC01771-Enhanced-NR-scaled.jpeg?fit=683%2C1024&#038;ssl=1\" src=\"https:\/\/i0.wp.com\/www.muatsdrawig.at\/wp-content\/uploads\/2023\/12\/DSC01771-Enhanced-NR-scaled.jpeg?w=162&#038;h=162&#038;crop=1&#038;ssl=1\" srcset=\"https:\/\/i0.wp.com\/www.muatsdrawig.at\/wp-content\/uploads\/2023\/12\/DSC01771-Enhanced-NR-scaled.jpeg?resize=150%2C150&amp;ssl=1 150w, https:\/\/i0.wp.com\/www.muatsdrawig.at\/wp-content\/uploads\/2023\/12\/DSC01771-Enhanced-NR-scaled.jpeg?resize=500%2C500&amp;ssl=1 500w, https:\/\/i0.wp.com\/www.muatsdrawig.at\/wp-content\/uploads\/2023\/12\/DSC01771-Enhanced-NR-scaled.jpeg?zoom=2&amp;resize=162%2C162&amp;ssl=1 324w\" width=\"162\" height=\"162\" data-original-width=\"162\" data-original-height=\"162\" itemprop=\"http:\/\/schema.org\/image\" title=\"Der vegane Adventmarkt - Weihnachtsmarkt am Spittelberg in Wien\" alt=\"A market stall with wooden signs and beautiful lighting.\" style=\"width: 162px; height: 162px;\" \/> <\/a> <\/div> <\/div> <div class=\"gallery-group\" style=\"width: 166px; height: 166px;\" data-original-width=\"166\" data-original-height=\"166\" > <div class=\"tiled-gallery-item\" itemprop=\"associatedMedia\" itemscope itemtype=\"http:\/\/schema.org\/ImageObject\"> <a href=\"https:\/\/i0.wp.com\/www.muatsdrawig.at\/wp-content\/uploads\/2023\/12\/DSC01806-Enhanced-NR-scaled.jpeg?ssl=1\" border=\"0\" itemprop=\"url\"> <meta itemprop=\"width\" content=\"162\"> <meta itemprop=\"height\" content=\"162\"> <img loading=\"lazy\" decoding=\"async\" class=\"\" data-attachment-id=\"6216\" data-orig-file=\"https:\/\/www.muatsdrawig.at\/wp-content\/uploads\/2023\/12\/DSC01806-Enhanced-NR-scaled.jpeg\" data-orig-size=\"1707,2560\" data-comments-opened=\"1\" data-image-meta=\"{&quot;aperture&quot;:&quot;1.4&quot;,&quot;credit&quot;:&quot;Elyas Dareshouri&quot;,&quot;camera&quot;:&quot;ILCE-7M4&quot;,&quot;caption&quot;:&quot;&quot;,&quot;created_timestamp&quot;:&quot;1702916840&quot;,&quot;copyright&quot;:&quot;Elyas Dareshouri - www.muatsdrawig.at&quot;,&quot;focal_length&quot;:&quot;50&quot;,&quot;iso&quot;:&quot;125&quot;,&quot;shutter_speed&quot;:&quot;0.016666666666667&quot;,&quot;title&quot;:&quot;&quot;,&quot;orientation&quot;:&quot;0&quot;}\" data-image-title=\"Der vegane Adventmarkt &amp;#8211; Weihnachtsmarkt am Spittelberg in Wien\" data-image-description=\"&lt;p&gt;Ein leuchtender dunkler Stern, aufgehangen auf einem Marktstand.&lt;\/p&gt; \" data-medium-file=\"https:\/\/i0.wp.com\/www.muatsdrawig.at\/wp-content\/uploads\/2023\/12\/DSC01806-Enhanced-NR-scaled.jpeg?fit=200%2C300&#038;ssl=1\" data-large-file=\"https:\/\/i0.wp.com\/www.muatsdrawig.at\/wp-content\/uploads\/2023\/12\/DSC01806-Enhanced-NR-scaled.jpeg?fit=683%2C1024&#038;ssl=1\" src=\"https:\/\/i0.wp.com\/www.muatsdrawig.at\/wp-content\/uploads\/2023\/12\/DSC01806-Enhanced-NR-scaled.jpeg?w=162&#038;h=162&#038;crop=1&#038;ssl=1\" srcset=\"https:\/\/i0.wp.com\/www.muatsdrawig.at\/wp-content\/uploads\/2023\/12\/DSC01806-Enhanced-NR-scaled.jpeg?resize=150%2C150&amp;ssl=1 150w, https:\/\/i0.wp.com\/www.muatsdrawig.at\/wp-content\/uploads\/2023\/12\/DSC01806-Enhanced-NR-scaled.jpeg?resize=500%2C500&amp;ssl=1 500w, https:\/\/i0.wp.com\/www.muatsdrawig.at\/wp-content\/uploads\/2023\/12\/DSC01806-Enhanced-NR-scaled.jpeg?zoom=2&amp;resize=162%2C162&amp;ssl=1 324w\" width=\"162\" height=\"162\" data-original-width=\"162\" data-original-height=\"162\" itemprop=\"http:\/\/schema.org\/image\" title=\"Der vegane Adventmarkt - Weihnachtsmarkt am Spittelberg in Wien\" alt=\"A shining dark star, hung on a market stall.\" style=\"width: 162px; height: 162px;\" \/> <\/a> <\/div> <\/div> <div class=\"gallery-group\" style=\"width: 166px; height: 166px;\" data-original-width=\"166\" data-original-height=\"166\" > <div class=\"tiled-gallery-item\" itemprop=\"associatedMedia\" itemscope itemtype=\"http:\/\/schema.org\/ImageObject\"> <a href=\"https:\/\/i0.wp.com\/www.muatsdrawig.at\/wp-content\/uploads\/2023\/12\/DSC01775-Enhanced-NR-scaled.jpeg?ssl=1\" border=\"0\" itemprop=\"url\"> <meta itemprop=\"width\" content=\"162\"> <meta itemprop=\"height\" content=\"162\"> <img loading=\"lazy\" decoding=\"async\" class=\"\" data-attachment-id=\"6222\" data-orig-file=\"https:\/\/www.muatsdrawig.at\/wp-content\/uploads\/2023\/12\/DSC01775-Enhanced-NR-scaled.jpeg\" data-orig-size=\"1707,2560\" data-comments-opened=\"1\" data-image-meta=\"{&quot;aperture&quot;:&quot;2.5&quot;,&quot;credit&quot;:&quot;Elyas Dareshouri&quot;,&quot;camera&quot;:&quot;ILCE-7M4&quot;,&quot;caption&quot;:&quot;&quot;,&quot;created_timestamp&quot;:&quot;1702914639&quot;,&quot;copyright&quot;:&quot;Elyas Dareshouri - www.muatsdrawig.at&quot;,&quot;focal_length&quot;:&quot;50&quot;,&quot;iso&quot;:&quot;1600&quot;,&quot;shutter_speed&quot;:&quot;0.01&quot;,&quot;title&quot;:&quot;&quot;,&quot;orientation&quot;:&quot;0&quot;}\" data-image-title=\"Der vegane Adventmarkt &amp;#8211; Weihnachtsmarkt am Spittelberg in Wien\" data-image-description=\"&lt;p&gt;Ein Holzschild mit der Aufschrift Tiroler Gr\u00f6stl und den Zutaten Erd\u00e4pfel, Zwiebel, Lauch, Knoblauch, Fleischersatz aus Erbsenprotein und Krautsalat&lt;\/p&gt; \" data-medium-file=\"https:\/\/i0.wp.com\/www.muatsdrawig.at\/wp-content\/uploads\/2023\/12\/DSC01775-Enhanced-NR-scaled.jpeg?fit=200%2C300&#038;ssl=1\" data-large-file=\"https:\/\/i0.wp.com\/www.muatsdrawig.at\/wp-content\/uploads\/2023\/12\/DSC01775-Enhanced-NR-scaled.jpeg?fit=683%2C1024&#038;ssl=1\" src=\"https:\/\/i0.wp.com\/www.muatsdrawig.at\/wp-content\/uploads\/2023\/12\/DSC01775-Enhanced-NR-scaled.jpeg?w=162&#038;h=162&#038;crop=1&#038;ssl=1\" srcset=\"https:\/\/i0.wp.com\/www.muatsdrawig.at\/wp-content\/uploads\/2023\/12\/DSC01775-Enhanced-NR-scaled.jpeg?resize=150%2C150&amp;ssl=1 150w, https:\/\/i0.wp.com\/www.muatsdrawig.at\/wp-content\/uploads\/2023\/12\/DSC01775-Enhanced-NR-scaled.jpeg?resize=500%2C500&amp;ssl=1 500w, https:\/\/i0.wp.com\/www.muatsdrawig.at\/wp-content\/uploads\/2023\/12\/DSC01775-Enhanced-NR-scaled.jpeg?zoom=2&amp;resize=162%2C162&amp;ssl=1 324w\" width=\"162\" height=\"162\" data-original-width=\"162\" data-original-height=\"162\" itemprop=\"http:\/\/schema.org\/image\" title=\"Der vegane Adventmarkt - Weihnachtsmarkt am Spittelberg in Wien\" alt=\"A wooden sign with the inscription Tiroler Gr\u00f6stl and the ingredients potatoes, onion, leek, garlic, meat substitute made from pea protein and coleslaw\" style=\"width: 162px; height: 162px;\" \/> <\/a> <\/div> <\/div> <\/div> <\/div>\n<h3>&nbsp;<\/h3>\n<h3>This is the Christmas market on Spittelberg<\/h3>\n<blockquote>\n<h4>&nbsp;<\/h4>\n<h4 class=\"elementor-image-box-title\">Eco-event Spittelberg goes Green! Vegan, organic, ecological ...<\/h4>\n<p class=\"elementor-image-box-description\"><span style=\"font-size: 12pt;\">The climate is very important to us at Spittelberg. And that's why we will be organising this year's Christmas Market 2023 as an \u201eeco-event\u201c. A good ecological footprint, fairly traded or produced, local, regional and\/or organic, vegetarian or vegan, resource-conserving and sustainable. That's what we want and what we want to offer our visitors this Advent. They will love it. For sure. Because the climate is important to us.<\/span><\/p>\n<p><span style=\"font-size: 10pt;\">Source: <a href=\"https:\/\/spittelberg.at\" target=\"_blank\" rel=\"noopener\">https:\/\/spittelberg.at\/&nbsp;<\/a><\/span><\/p><\/blockquote>\n<p>&nbsp;<\/p>\n<p>We can only confirm this - at least from a visitor's point of view. A really lovely and well thought-out Advent market that has something for everyone. The Christmas market on Spittelberg is a model Advent market for us, which we now visit at least once a year - despite our long journey.<\/p>\n<p>From drinks and snacks to main dishes, sweets, decorations, home-made items, wooden baskets, illuminated stars and glassware - there's something for everyone!<\/p>\n<p>&nbsp;<\/p>\n<h3>The opening hours of the Advent market<\/h3>\n<div class=\"elementor-element elementor-element-38e9f95 elementor-widget elementor-widget-text-editor\" data-id=\"38e9f95\" data-element_type=\"widget\" data-widget_type=\"text-editor.default\">\n<div class=\"elementor-widget-container\">\n<p>The Spittelberg Christmas Market from 16\/11\/2023 to 23\/12\/2023<\/p>\n<\/div>\n<\/div>\n<div class=\"elementor-element elementor-element-59e8f55 elementor-align-left elementor-icon-list--layout-traditional elementor-list-item-link-full_width elementor-widget elementor-widget-icon-list\" data-id=\"59e8f55\" data-element_type=\"widget\" data-widget_type=\"icon-list.default\">\n<div class=\"elementor-widget-container\">\n<ul class=\"elementor-icon-list-items\">\n<li class=\"elementor-icon-list-item\"><i class=\"far fa-snowflake\" aria-hidden=\"true\"><\/i><span class=\"elementor-icon-list-text\">Monday to Thursday 14:00 to 21:00<\/span><\/li>\n<li class=\"elementor-icon-list-item\"><i class=\"far fa-snowflake\" aria-hidden=\"true\"><\/i><span class=\"elementor-icon-list-text\">Friday 14:00 to 21:30<\/span><\/li>\n<li class=\"elementor-icon-list-item\"><i class=\"far fa-snowflake\" aria-hidden=\"true\"><\/i><span class=\"elementor-icon-list-text\">Saturday 10:00 to 21:30<\/span><\/li>\n<li class=\"elementor-icon-list-item\"><i class=\"far fa-snowflake\" aria-hidden=\"true\"><\/i><span class=\"elementor-icon-list-text\">Sunday &amp; public holiday 10:00 to 21:00<\/span><\/li>\n<\/ul>\n<p>&nbsp;<\/p>\n<\/div>\n<\/div>\n<h3>Travelling to the Christmas market on Spittelberg<\/h3>\n<p>We travelled very easily to Vienna Westbahnhof on the Westbahn. Then we took the U3 towards Simmering, where we got off at the Volkstheater. From here, it's less than a 10-minute walk to the Christmas market on Spittelberg.<\/p>\n<h3>&nbsp;<\/h3>\n<h3>Our snack marathon<\/h3>\n<p>We really filled our stomachs last weekend. Our aim was to make sure that the long journey out was definitely worth it.<\/p>\n<h4>We started with the vegan grammel &amp; Tyrolean dumplings from Jablonski.&nbsp;<\/h4>\n<figure id=\"attachment_6228\" aria-describedby=\"caption-attachment-6228\" style=\"width: 688px\" class=\"wp-caption aligncenter\"><a href=\"https:\/\/i0.wp.com\/www.muatsdrawig.at\/wp-content\/uploads\/2023\/12\/DSC01755-Enhanced-NR-scaled.jpeg?ssl=1\"><img data-recalc-dims=\"1\" fetchpriority=\"high\" decoding=\"async\" class=\"wp-image-6228\" src=\"https:\/\/i0.wp.com\/www.muatsdrawig.at\/wp-content\/uploads\/2023\/12\/DSC01755-Enhanced-NR.jpeg?resize=688%2C459&#038;ssl=1\" alt=\"A close-up of vegan grammel dumplings and vegan Tyrolean dumplings with sauerkraut and garnished with fried onions.\" width=\"688\" height=\"459\" srcset=\"https:\/\/i0.wp.com\/www.muatsdrawig.at\/wp-content\/uploads\/2023\/12\/DSC01755-Enhanced-NR-scaled.jpeg?resize=1024%2C683&amp;ssl=1 1024w, https:\/\/i0.wp.com\/www.muatsdrawig.at\/wp-content\/uploads\/2023\/12\/DSC01755-Enhanced-NR-scaled.jpeg?resize=300%2C200&amp;ssl=1 300w, https:\/\/i0.wp.com\/www.muatsdrawig.at\/wp-content\/uploads\/2023\/12\/DSC01755-Enhanced-NR-scaled.jpeg?resize=768%2C512&amp;ssl=1 768w, https:\/\/i0.wp.com\/www.muatsdrawig.at\/wp-content\/uploads\/2023\/12\/DSC01755-Enhanced-NR-scaled.jpeg?resize=1536%2C1024&amp;ssl=1 1536w, https:\/\/i0.wp.com\/www.muatsdrawig.at\/wp-content\/uploads\/2023\/12\/DSC01755-Enhanced-NR-scaled.jpeg?resize=2048%2C1365&amp;ssl=1 2048w\" sizes=\"(max-width: 688px) 100vw, 688px\" \/><\/a><figcaption id=\"caption-attachment-6228\" class=\"wp-caption-text\">vegan grammel dumplings and Tyrolean dumplings on sauerkraut<\/figcaption><\/figure>\n<p>&nbsp;<\/p>\n<figure id=\"attachment_6227\" aria-describedby=\"caption-attachment-6227\" style=\"width: 693px\" class=\"wp-caption aligncenter\"><a href=\"https:\/\/i0.wp.com\/www.muatsdrawig.at\/wp-content\/uploads\/2023\/12\/DSC01759-Enhanced-NR-scaled.jpeg?ssl=1\"><img data-recalc-dims=\"1\" decoding=\"async\" class=\"wp-image-6227\" src=\"https:\/\/i0.wp.com\/www.muatsdrawig.at\/wp-content\/uploads\/2023\/12\/DSC01759-Enhanced-NR.jpeg?resize=693%2C462&#038;ssl=1\" alt=\"The Christmas market stand of Jablonski selling vegan dishes with the seller in the background and a customer in the foreground.\" width=\"693\" height=\"462\" srcset=\"https:\/\/i0.wp.com\/www.muatsdrawig.at\/wp-content\/uploads\/2023\/12\/DSC01759-Enhanced-NR-scaled.jpeg?resize=1024%2C683&amp;ssl=1 1024w, https:\/\/i0.wp.com\/www.muatsdrawig.at\/wp-content\/uploads\/2023\/12\/DSC01759-Enhanced-NR-scaled.jpeg?resize=300%2C200&amp;ssl=1 300w, https:\/\/i0.wp.com\/www.muatsdrawig.at\/wp-content\/uploads\/2023\/12\/DSC01759-Enhanced-NR-scaled.jpeg?resize=768%2C512&amp;ssl=1 768w, https:\/\/i0.wp.com\/www.muatsdrawig.at\/wp-content\/uploads\/2023\/12\/DSC01759-Enhanced-NR-scaled.jpeg?resize=1536%2C1024&amp;ssl=1 1536w, https:\/\/i0.wp.com\/www.muatsdrawig.at\/wp-content\/uploads\/2023\/12\/DSC01759-Enhanced-NR-scaled.jpeg?resize=2048%2C1365&amp;ssl=1 2048w\" sizes=\"(max-width: 693px) 100vw, 693px\" \/><\/a><figcaption id=\"caption-attachment-6227\" class=\"wp-caption-text\">the Jablonski stand<\/figcaption><\/figure>\n<h4>Then we went to the arepas from Venezuela, where we also tried the vegan version.<\/h4>\n<figure id=\"attachment_6225\" aria-describedby=\"caption-attachment-6225\" style=\"width: 681px\" class=\"wp-caption aligncenter\"><a href=\"https:\/\/i0.wp.com\/www.muatsdrawig.at\/wp-content\/uploads\/2023\/12\/DSC01767-Enhanced-NR-scaled.jpeg?ssl=1\"><img data-recalc-dims=\"1\" decoding=\"async\" class=\"wp-image-6225\" src=\"https:\/\/i0.wp.com\/www.muatsdrawig.at\/wp-content\/uploads\/2023\/12\/DSC01767-Enhanced-NR.jpeg?resize=681%2C454&#038;ssl=1\" alt=\"A vegan dish from Venezuela called arepas. You can see a close-up of the bread in 2 hands filled with plantains.\" width=\"681\" height=\"454\" srcset=\"https:\/\/i0.wp.com\/www.muatsdrawig.at\/wp-content\/uploads\/2023\/12\/DSC01767-Enhanced-NR-scaled.jpeg?resize=1024%2C683&amp;ssl=1 1024w, https:\/\/i0.wp.com\/www.muatsdrawig.at\/wp-content\/uploads\/2023\/12\/DSC01767-Enhanced-NR-scaled.jpeg?resize=300%2C200&amp;ssl=1 300w, https:\/\/i0.wp.com\/www.muatsdrawig.at\/wp-content\/uploads\/2023\/12\/DSC01767-Enhanced-NR-scaled.jpeg?resize=768%2C512&amp;ssl=1 768w, https:\/\/i0.wp.com\/www.muatsdrawig.at\/wp-content\/uploads\/2023\/12\/DSC01767-Enhanced-NR-scaled.jpeg?resize=1536%2C1024&amp;ssl=1 1536w, https:\/\/i0.wp.com\/www.muatsdrawig.at\/wp-content\/uploads\/2023\/12\/DSC01767-Enhanced-NR-scaled.jpeg?resize=2048%2C1365&amp;ssl=1 2048w\" sizes=\"(max-width: 681px) 100vw, 681px\" \/><\/a><figcaption id=\"caption-attachment-6225\" class=\"wp-caption-text\">Arepas with plantains<\/figcaption><\/figure>\n<h4>Of course, there was also punch in between.<\/h4>\n<figure id=\"attachment_6217\" aria-describedby=\"caption-attachment-6217\" style=\"width: 532px\" class=\"wp-caption aligncenter\"><a href=\"https:\/\/i0.wp.com\/www.muatsdrawig.at\/wp-content\/uploads\/2023\/12\/DSC01801-Enhanced-NR-scaled.jpeg?ssl=1\"><img data-recalc-dims=\"1\" loading=\"lazy\" decoding=\"async\" class=\"wp-image-6217\" src=\"https:\/\/i0.wp.com\/www.muatsdrawig.at\/wp-content\/uploads\/2023\/12\/DSC01801-Enhanced-NR.jpeg?resize=532%2C354&#038;ssl=1\" alt=\"A yellow mug with the inscription Weihnachtsmarkt am Spittelberg and the Kronehit logo. Blurred lights in the background (bokeh)\" width=\"532\" height=\"354\" srcset=\"https:\/\/i0.wp.com\/www.muatsdrawig.at\/wp-content\/uploads\/2023\/12\/DSC01801-Enhanced-NR-scaled.jpeg?resize=1024%2C683&amp;ssl=1 1024w, https:\/\/i0.wp.com\/www.muatsdrawig.at\/wp-content\/uploads\/2023\/12\/DSC01801-Enhanced-NR-scaled.jpeg?resize=300%2C200&amp;ssl=1 300w, https:\/\/i0.wp.com\/www.muatsdrawig.at\/wp-content\/uploads\/2023\/12\/DSC01801-Enhanced-NR-scaled.jpeg?resize=768%2C512&amp;ssl=1 768w, https:\/\/i0.wp.com\/www.muatsdrawig.at\/wp-content\/uploads\/2023\/12\/DSC01801-Enhanced-NR-scaled.jpeg?resize=1536%2C1024&amp;ssl=1 1536w, https:\/\/i0.wp.com\/www.muatsdrawig.at\/wp-content\/uploads\/2023\/12\/DSC01801-Enhanced-NR-scaled.jpeg?resize=2048%2C1365&amp;ssl=1 2048w\" sizes=\"(max-width: 532px) 100vw, 532px\" \/><\/a><figcaption id=\"caption-attachment-6217\" class=\"wp-caption-text\">Children's punch at the Advent market<\/figcaption><\/figure>\n<h4>Next stop: the vegan Tiroler Gr\u00f6stl<\/h4>\n<figure id=\"attachment_6221\" aria-describedby=\"caption-attachment-6221\" style=\"width: 368px\" class=\"wp-caption aligncenter\"><a href=\"https:\/\/i0.wp.com\/www.muatsdrawig.at\/wp-content\/uploads\/2023\/12\/DSC01779-Enhanced-NR-scaled.jpeg?ssl=1\"><img data-recalc-dims=\"1\" loading=\"lazy\" decoding=\"async\" class=\"wp-image-6221\" src=\"https:\/\/i0.wp.com\/www.muatsdrawig.at\/wp-content\/uploads\/2023\/12\/DSC01779-Enhanced-NR.jpeg?resize=368%2C552&#038;ssl=1\" alt=\"A close-up of the vegan Tiroler Gr\u00f6stl in a bag with a wooden fork.\" width=\"368\" height=\"552\" srcset=\"https:\/\/i0.wp.com\/www.muatsdrawig.at\/wp-content\/uploads\/2023\/12\/DSC01779-Enhanced-NR-scaled.jpeg?resize=683%2C1024&amp;ssl=1 683w, https:\/\/i0.wp.com\/www.muatsdrawig.at\/wp-content\/uploads\/2023\/12\/DSC01779-Enhanced-NR-scaled.jpeg?resize=200%2C300&amp;ssl=1 200w, https:\/\/i0.wp.com\/www.muatsdrawig.at\/wp-content\/uploads\/2023\/12\/DSC01779-Enhanced-NR-scaled.jpeg?resize=768%2C1152&amp;ssl=1 768w, https:\/\/i0.wp.com\/www.muatsdrawig.at\/wp-content\/uploads\/2023\/12\/DSC01779-Enhanced-NR-scaled.jpeg?resize=1024%2C1536&amp;ssl=1 1024w, https:\/\/i0.wp.com\/www.muatsdrawig.at\/wp-content\/uploads\/2023\/12\/DSC01779-Enhanced-NR-scaled.jpeg?resize=1365%2C2048&amp;ssl=1 1365w, https:\/\/i0.wp.com\/www.muatsdrawig.at\/wp-content\/uploads\/2023\/12\/DSC01779-Enhanced-NR-scaled.jpeg?w=1707&amp;ssl=1 1707w\" sizes=\"(max-width: 368px) 100vw, 368px\" \/><\/a><figcaption id=\"caption-attachment-6221\" class=\"wp-caption-text\">Vegan Tiroler Gr\u00f6stl in a bag<\/figcaption><\/figure>\n<h4>Of course, there was then a dessert - a vegan Kaiserschmarrn with stewed plums<\/h4>\n<figure id=\"attachment_6219\" aria-describedby=\"caption-attachment-6219\" style=\"width: 384px\" class=\"wp-caption aligncenter\"><a href=\"https:\/\/i0.wp.com\/www.muatsdrawig.at\/wp-content\/uploads\/2023\/12\/DSC01791-Enhanced-NR-scaled.jpeg?ssl=1\"><img data-recalc-dims=\"1\" loading=\"lazy\" decoding=\"async\" class=\"wp-image-6219\" src=\"https:\/\/i0.wp.com\/www.muatsdrawig.at\/wp-content\/uploads\/2023\/12\/DSC01791-Enhanced-NR.jpeg?resize=384%2C576&#038;ssl=1\" alt=\"A close-up of the vegan Kaiserschmarrn with stewed plums.\" width=\"384\" height=\"576\" srcset=\"https:\/\/i0.wp.com\/www.muatsdrawig.at\/wp-content\/uploads\/2023\/12\/DSC01791-Enhanced-NR-scaled.jpeg?resize=683%2C1024&amp;ssl=1 683w, https:\/\/i0.wp.com\/www.muatsdrawig.at\/wp-content\/uploads\/2023\/12\/DSC01791-Enhanced-NR-scaled.jpeg?resize=200%2C300&amp;ssl=1 200w, https:\/\/i0.wp.com\/www.muatsdrawig.at\/wp-content\/uploads\/2023\/12\/DSC01791-Enhanced-NR-scaled.jpeg?resize=768%2C1152&amp;ssl=1 768w, https:\/\/i0.wp.com\/www.muatsdrawig.at\/wp-content\/uploads\/2023\/12\/DSC01791-Enhanced-NR-scaled.jpeg?resize=1024%2C1536&amp;ssl=1 1024w, https:\/\/i0.wp.com\/www.muatsdrawig.at\/wp-content\/uploads\/2023\/12\/DSC01791-Enhanced-NR-scaled.jpeg?resize=1365%2C2048&amp;ssl=1 1365w, https:\/\/i0.wp.com\/www.muatsdrawig.at\/wp-content\/uploads\/2023\/12\/DSC01791-Enhanced-NR-scaled.jpeg?w=1707&amp;ssl=1 1707w\" sizes=\"(max-width: 384px) 100vw, 384px\" \/><\/a><figcaption id=\"caption-attachment-6219\" class=\"wp-caption-text\">Vegan Kaiserschmarrn with stewed plums<\/figcaption><\/figure>\n<p>Afterwards, we tried the vegan waffles, vegan arancini and a vegan bosna from the Pflanzerei. Everything was simply delicious and the two of us had a lot to do to fit it all into our stomachs, hahaha. \ud83d\ude06<\/p>\n<p>&nbsp;<\/p>\n<div class=\"tiled-gallery type-rectangular tiled-gallery-unresized\" data-original-width=\"500\" data-carousel-extra='null' itemscope itemtype=\"http:\/\/schema.org\/ImageGallery\" > <div class=\"gallery-row\" style=\"width: 500px; height: 224px;\" data-original-width=\"500\" data-original-height=\"224\" > <div class=\"gallery-group images-1\" style=\"width: 334px; height: 224px;\" data-original-width=\"334\" data-original-height=\"224\" > <div class=\"tiled-gallery-item tiled-gallery-item-large\" itemprop=\"associatedMedia\" itemscope itemtype=\"http:\/\/schema.org\/ImageObject\"> <a href=\"https:\/\/i0.wp.com\/www.muatsdrawig.at\/wp-content\/uploads\/2023\/12\/DSC01815-Enhanced-NR-scaled.jpeg?ssl=1\" border=\"0\" itemprop=\"url\"> <meta itemprop=\"width\" content=\"330\"> <meta itemprop=\"height\" content=\"220\"> <img loading=\"lazy\" decoding=\"async\" class=\"\" data-attachment-id=\"6215\" data-orig-file=\"https:\/\/www.muatsdrawig.at\/wp-content\/uploads\/2023\/12\/DSC01815-Enhanced-NR-scaled.jpeg\" data-orig-size=\"2560,1707\" data-comments-opened=\"1\" data-image-meta=\"{&quot;aperture&quot;:&quot;1.4&quot;,&quot;credit&quot;:&quot;Elyas Dareshouri&quot;,&quot;camera&quot;:&quot;ILCE-7M4&quot;,&quot;caption&quot;:&quot;&quot;,&quot;created_timestamp&quot;:&quot;1702921060&quot;,&quot;copyright&quot;:&quot;Elyas Dareshouri - www.muatsdrawig.at&quot;,&quot;focal_length&quot;:&quot;50&quot;,&quot;iso&quot;:&quot;200&quot;,&quot;shutter_speed&quot;:&quot;0.0125&quot;,&quot;title&quot;:&quot;&quot;,&quot;orientation&quot;:&quot;0&quot;}\" data-image-title=\"Der vegane Adventmarkt &amp;#8211; Weihnachtsmarkt am Spittelberg in Wien\" data-image-description=\"&lt;p&gt;Ein leuchtender dunkler Stern, aufgehangen auf einem Marktstand.&lt;\/p&gt; \" data-medium-file=\"https:\/\/i0.wp.com\/www.muatsdrawig.at\/wp-content\/uploads\/2023\/12\/DSC01815-Enhanced-NR-scaled.jpeg?fit=300%2C200&#038;ssl=1\" data-large-file=\"https:\/\/i0.wp.com\/www.muatsdrawig.at\/wp-content\/uploads\/2023\/12\/DSC01815-Enhanced-NR-scaled.jpeg?fit=1024%2C683&#038;ssl=1\" src=\"https:\/\/i0.wp.com\/www.muatsdrawig.at\/wp-content\/uploads\/2023\/12\/DSC01815-Enhanced-NR-scaled.jpeg?w=330&#038;h=220&#038;ssl=1\" srcset=\"https:\/\/i0.wp.com\/www.muatsdrawig.at\/wp-content\/uploads\/2023\/12\/DSC01815-Enhanced-NR-scaled.jpeg?w=2560&amp;ssl=1 2560w, https:\/\/i0.wp.com\/www.muatsdrawig.at\/wp-content\/uploads\/2023\/12\/DSC01815-Enhanced-NR-scaled.jpeg?resize=300%2C200&amp;ssl=1 300w, https:\/\/i0.wp.com\/www.muatsdrawig.at\/wp-content\/uploads\/2023\/12\/DSC01815-Enhanced-NR-scaled.jpeg?resize=1024%2C683&amp;ssl=1 1024w, https:\/\/i0.wp.com\/www.muatsdrawig.at\/wp-content\/uploads\/2023\/12\/DSC01815-Enhanced-NR-scaled.jpeg?resize=768%2C512&amp;ssl=1 768w, https:\/\/i0.wp.com\/www.muatsdrawig.at\/wp-content\/uploads\/2023\/12\/DSC01815-Enhanced-NR-scaled.jpeg?resize=1536%2C1024&amp;ssl=1 1536w, https:\/\/i0.wp.com\/www.muatsdrawig.at\/wp-content\/uploads\/2023\/12\/DSC01815-Enhanced-NR-scaled.jpeg?resize=2048%2C1365&amp;ssl=1 2048w\" width=\"330\" height=\"220\" data-original-width=\"330\" data-original-height=\"220\" itemprop=\"http:\/\/schema.org\/image\" title=\"Der vegane Adventmarkt - Weihnachtsmarkt am Spittelberg in Wien\" alt=\"A shining dark star, hung on a market stall.\" style=\"width: 330px; height: 220px;\" \/> <\/a> <\/div> <\/div> <!-- close group --> <div class=\"gallery-group images-2\" style=\"width: 166px; height: 224px;\" data-original-width=\"166\" data-original-height=\"224\" > <div class=\"tiled-gallery-item tiled-gallery-item-small\" itemprop=\"associatedMedia\" itemscope itemtype=\"http:\/\/schema.org\/ImageObject\"> <a href=\"https:\/\/i0.wp.com\/www.muatsdrawig.at\/wp-content\/uploads\/2023\/12\/DSC01819-Enhanced-NR-scaled.jpeg?ssl=1\" border=\"0\" itemprop=\"url\"> <meta itemprop=\"width\" content=\"162\"> <meta itemprop=\"height\" content=\"108\"> <img loading=\"lazy\" decoding=\"async\" class=\"\" data-attachment-id=\"6214\" data-orig-file=\"https:\/\/www.muatsdrawig.at\/wp-content\/uploads\/2023\/12\/DSC01819-Enhanced-NR-scaled.jpeg\" data-orig-size=\"2560,1707\" data-comments-opened=\"1\" data-image-meta=\"{&quot;aperture&quot;:&quot;1.8&quot;,&quot;credit&quot;:&quot;Elyas Dareshouri&quot;,&quot;camera&quot;:&quot;ILCE-7M4&quot;,&quot;caption&quot;:&quot;&quot;,&quot;created_timestamp&quot;:&quot;1702921242&quot;,&quot;copyright&quot;:&quot;Elyas Dareshouri - www.muatsdrawig.at&quot;,&quot;focal_length&quot;:&quot;50&quot;,&quot;iso&quot;:&quot;200&quot;,&quot;shutter_speed&quot;:&quot;0.0125&quot;,&quot;title&quot;:&quot;&quot;,&quot;orientation&quot;:&quot;0&quot;}\" data-image-title=\"Der vegane Adventmarkt &amp;#8211; Weihnachtsmarkt am Spittelberg in Wien\" data-image-description=\"&lt;p&gt;eine helle Gl\u00fchbirne im Vordergrund scharf gestellt und bunte Gl\u00fchbirnen im Hintergrund unscharf.&lt;\/p&gt; \" data-medium-file=\"https:\/\/i0.wp.com\/www.muatsdrawig.at\/wp-content\/uploads\/2023\/12\/DSC01819-Enhanced-NR-scaled.jpeg?fit=300%2C200&#038;ssl=1\" data-large-file=\"https:\/\/i0.wp.com\/www.muatsdrawig.at\/wp-content\/uploads\/2023\/12\/DSC01819-Enhanced-NR-scaled.jpeg?fit=1024%2C683&#038;ssl=1\" src=\"https:\/\/i0.wp.com\/www.muatsdrawig.at\/wp-content\/uploads\/2023\/12\/DSC01819-Enhanced-NR-scaled.jpeg?w=162&#038;h=108&#038;ssl=1\" srcset=\"https:\/\/i0.wp.com\/www.muatsdrawig.at\/wp-content\/uploads\/2023\/12\/DSC01819-Enhanced-NR-scaled.jpeg?w=2560&amp;ssl=1 2560w, https:\/\/i0.wp.com\/www.muatsdrawig.at\/wp-content\/uploads\/2023\/12\/DSC01819-Enhanced-NR-scaled.jpeg?resize=300%2C200&amp;ssl=1 300w, https:\/\/i0.wp.com\/www.muatsdrawig.at\/wp-content\/uploads\/2023\/12\/DSC01819-Enhanced-NR-scaled.jpeg?resize=1024%2C683&amp;ssl=1 1024w, https:\/\/i0.wp.com\/www.muatsdrawig.at\/wp-content\/uploads\/2023\/12\/DSC01819-Enhanced-NR-scaled.jpeg?resize=768%2C512&amp;ssl=1 768w, https:\/\/i0.wp.com\/www.muatsdrawig.at\/wp-content\/uploads\/2023\/12\/DSC01819-Enhanced-NR-scaled.jpeg?resize=1536%2C1024&amp;ssl=1 1536w, https:\/\/i0.wp.com\/www.muatsdrawig.at\/wp-content\/uploads\/2023\/12\/DSC01819-Enhanced-NR-scaled.jpeg?resize=2048%2C1365&amp;ssl=1 2048w\" width=\"162\" height=\"108\" data-original-width=\"162\" data-original-height=\"108\" itemprop=\"http:\/\/schema.org\/image\" title=\"Der vegane Adventmarkt - Weihnachtsmarkt am Spittelberg in Wien\" alt=\"a bright light bulb in the foreground in focus and colourful light bulbs in the background out of focus.\" style=\"width: 162px; height: 108px;\" \/> <\/a> <\/div> <div class=\"tiled-gallery-item tiled-gallery-item-small\" itemprop=\"associatedMedia\" itemscope itemtype=\"http:\/\/schema.org\/ImageObject\"> <a href=\"https:\/\/i0.wp.com\/www.muatsdrawig.at\/wp-content\/uploads\/2023\/12\/DSC01824-Enhanced-NR-scaled.jpeg?ssl=1\" border=\"0\" itemprop=\"url\"> <meta itemprop=\"width\" content=\"162\"> <meta itemprop=\"height\" content=\"108\"> <img loading=\"lazy\" decoding=\"async\" class=\"\" data-attachment-id=\"6213\" data-orig-file=\"https:\/\/www.muatsdrawig.at\/wp-content\/uploads\/2023\/12\/DSC01824-Enhanced-NR-scaled.jpeg\" data-orig-size=\"2560,1707\" data-comments-opened=\"1\" data-image-meta=\"{&quot;aperture&quot;:&quot;1.4&quot;,&quot;credit&quot;:&quot;Elyas Dareshouri&quot;,&quot;camera&quot;:&quot;ILCE-7M4&quot;,&quot;caption&quot;:&quot;&quot;,&quot;created_timestamp&quot;:&quot;1702921670&quot;,&quot;copyright&quot;:&quot;Elyas Dareshouri - www.muatsdrawig.at&quot;,&quot;focal_length&quot;:&quot;50&quot;,&quot;iso&quot;:&quot;1600&quot;,&quot;shutter_speed&quot;:&quot;0.016666666666667&quot;,&quot;title&quot;:&quot;&quot;,&quot;orientation&quot;:&quot;0&quot;}\" data-image-title=\"Der vegane Adventmarkt &amp;#8211; Weihnachtsmarkt am Spittelberg in Wien\" data-image-description=\"&lt;p&gt;Zwei orange Beh\u00e4lter mit denen man Hei\u00dfgetr\u00e4nke zubereitet und mit der Aufschrift &amp;#8222;Stroh&amp;#8220; vom J\u00e4germeisterstand&lt;\/p&gt; \" data-medium-file=\"https:\/\/i0.wp.com\/www.muatsdrawig.at\/wp-content\/uploads\/2023\/12\/DSC01824-Enhanced-NR-scaled.jpeg?fit=300%2C200&#038;ssl=1\" data-large-file=\"https:\/\/i0.wp.com\/www.muatsdrawig.at\/wp-content\/uploads\/2023\/12\/DSC01824-Enhanced-NR-scaled.jpeg?fit=1024%2C683&#038;ssl=1\" src=\"https:\/\/i0.wp.com\/www.muatsdrawig.at\/wp-content\/uploads\/2023\/12\/DSC01824-Enhanced-NR-scaled.jpeg?w=162&#038;h=108&#038;ssl=1\" srcset=\"https:\/\/i0.wp.com\/www.muatsdrawig.at\/wp-content\/uploads\/2023\/12\/DSC01824-Enhanced-NR-scaled.jpeg?w=2560&amp;ssl=1 2560w, https:\/\/i0.wp.com\/www.muatsdrawig.at\/wp-content\/uploads\/2023\/12\/DSC01824-Enhanced-NR-scaled.jpeg?resize=300%2C200&amp;ssl=1 300w, https:\/\/i0.wp.com\/www.muatsdrawig.at\/wp-content\/uploads\/2023\/12\/DSC01824-Enhanced-NR-scaled.jpeg?resize=1024%2C683&amp;ssl=1 1024w, https:\/\/i0.wp.com\/www.muatsdrawig.at\/wp-content\/uploads\/2023\/12\/DSC01824-Enhanced-NR-scaled.jpeg?resize=768%2C512&amp;ssl=1 768w, https:\/\/i0.wp.com\/www.muatsdrawig.at\/wp-content\/uploads\/2023\/12\/DSC01824-Enhanced-NR-scaled.jpeg?resize=1536%2C1024&amp;ssl=1 1536w, https:\/\/i0.wp.com\/www.muatsdrawig.at\/wp-content\/uploads\/2023\/12\/DSC01824-Enhanced-NR-scaled.jpeg?resize=2048%2C1365&amp;ssl=1 2048w\" width=\"162\" height=\"108\" data-original-width=\"162\" data-original-height=\"108\" itemprop=\"http:\/\/schema.org\/image\" title=\"Der vegane Adventmarkt - Weihnachtsmarkt am Spittelberg in Wien\" alt=\"Two orange containers used to prepare hot drinks and labelled &quot;Stroh&quot; from the J\u00e4germeister stand\" style=\"width: 162px; height: 108px;\" \/> <\/a> <\/div> <\/div> <!-- close group --> <\/div> <!-- close row --> <\/div>\n<h3>&nbsp;<\/h3>\n<h3>My summary of the Christmas market on Spittelberg<\/h3>\n<p>This Christmas market on Spittelberg is an absolute highlight for me. Whether vegan \ud83c\udf31 or not - you definitely get your money's worth here and can experience this Advent market in so many different ways. It's also great value for money - the prices are absolutely fair.<\/p>\n<p>I'm already looking forward to next year! \ud83d\ude4c<\/p>\n<p><a href=\"https:\/\/i0.wp.com\/www.muatsdrawig.at\/wp-content\/uploads\/2023\/12\/DSC01761-Enhanced-NR-scaled.jpeg?ssl=1\"><img data-recalc-dims=\"1\" loading=\"lazy\" decoding=\"async\" class=\"aligncenter wp-image-6226\" src=\"https:\/\/i0.wp.com\/www.muatsdrawig.at\/wp-content\/uploads\/2023\/12\/DSC01761-Enhanced-NR.jpeg?resize=666%2C444&#038;ssl=1\" alt=\"A blurred image with great light spheres and bokeh in the background and an LED flower in focus in the foreground.\" width=\"666\" height=\"444\" srcset=\"https:\/\/i0.wp.com\/www.muatsdrawig.at\/wp-content\/uploads\/2023\/12\/DSC01761-Enhanced-NR-scaled.jpeg?resize=1024%2C683&amp;ssl=1 1024w, https:\/\/i0.wp.com\/www.muatsdrawig.at\/wp-content\/uploads\/2023\/12\/DSC01761-Enhanced-NR-scaled.jpeg?resize=300%2C200&amp;ssl=1 300w, https:\/\/i0.wp.com\/www.muatsdrawig.at\/wp-content\/uploads\/2023\/12\/DSC01761-Enhanced-NR-scaled.jpeg?resize=768%2C512&amp;ssl=1 768w, https:\/\/i0.wp.com\/www.muatsdrawig.at\/wp-content\/uploads\/2023\/12\/DSC01761-Enhanced-NR-scaled.jpeg?resize=1536%2C1024&amp;ssl=1 1536w, https:\/\/i0.wp.com\/www.muatsdrawig.at\/wp-content\/uploads\/2023\/12\/DSC01761-Enhanced-NR-scaled.jpeg?resize=2048%2C1365&amp;ssl=1 2048w\" sizes=\"(max-width: 666px) 100vw, 666px\" \/><\/a><\/p>\n<h3>Further recommendation<\/h3>\n<p>Did you like this post? Then I have another great Advent tip for you! \ud83e\udd29 Have a read here: <a href=\"https:\/\/www.muatsdrawig.at\/en\/advent-market-st-gilgen-christmas-spirit-at-the-wolfgansee-advent\/\" target=\"_blank\" rel=\"noopener\">Advent market St. Gilgen - Christmas spirit at the Wolfgansee Advent<\/a><\/p>","protected":false},"excerpt":{"rendered":"<p>Wenn du Lust auf vegane Leckereien auf einem Adventmarkt hast, dann ist der Weihnachtsmarkt am Spittelberg in Wien genau das richtige f\u00fcr dich! Hier gibt es neben den klassischen Gerichten auch viel vegane Auswahl. Der Weihnachtsmarkt am Spittelberg ist definitiv einer meiner Lieblings-Adventm\u00e4rkte. Wir nehmen hierf\u00fcr ca. 4 Stunden Reisezeit mit dem Zug auf uns, [&hellip;]<\/p>\n","protected":false},"author":1,"featured_media":6217,"comment_status":"open","ping_status":"open","sticky":false,"template":"","format":"standard","meta":{"_acf_changed":false,"jetpack_post_was_ever_published":false,"_jetpack_newsletter_access":"","_jetpack_dont_email_post_to_subs":false,"_jetpack_newsletter_tier_id":0,"_jetpack_memberships_contains_paywalled_content":false,"_jetpack_memberships_contains_paid_content":false,"footnotes":"","jetpack_publicize_message":"","jetpack_publicize_feature_enabled":true,"jetpack_social_post_already_shared":true,"jetpack_social_options":{"image_generator_settings":{"template":"highway","default_image_id":0,"font":"","enabled":false},"version":2},"_wpas_customize_per_network":false},"categories":[45,40,44],"tags":[189,193,433,195,434,435,79,432,116,199,436,155],"class_list":["post-6211","post","type-post","status-publish","format-standard","has-post-thumbnail","hentry","category-ausflugstipps","category-events-veranstaltungen","category-kulinarik","tag-advent","tag-adventmarkt","tag-adventmarkt-fuer-veganerinnen","tag-christmas","tag-christmasmarket","tag-spittelberg","tag-vegan","tag-veganer-adventmarkt","tag-veggie","tag-weihnachtsmarkt","tag-weihnachtsmarkt-am-spittelberg","tag-wien"],"acf":[],"yoast_head":"<!-- This site is optimized with the Yoast SEO plugin v27.5 - https:\/\/yoast.com\/product\/yoast-seo-wordpress\/ -->\n<title>Der vegane Adventmarkt - Weihnachtsmarkt am Spittelberg<\/title>\n<meta name=\"description\" content=\"Du bist Veganer:in und fragst dich, welcher Adventmarkt auch f\u00fcr dich etwas zu bieten hat? Dann bist du definitiv am Spittelberg richtig!\" \/>\n<meta name=\"robots\" content=\"index, follow, max-snippet:-1, max-image-preview:large, max-video-preview:-1\" \/>\n<link rel=\"canonical\" href=\"https:\/\/www.muatsdrawig.at\/en\/vegan-advent-market-spittelberg-vienna\/\" \/>\n<meta property=\"og:locale\" content=\"en_GB\" \/>\n<meta property=\"og:type\" content=\"article\" \/>\n<meta property=\"og:title\" content=\"Der vegane Adventmarkt - Weihnachtsmarkt am Spittelberg\" \/>\n<meta property=\"og:description\" content=\"Du bist Veganer:in und fragst dich, welcher Adventmarkt auch f\u00fcr dich etwas zu bieten hat? Dann bist du definitiv am Spittelberg richtig!\" \/>\n<meta property=\"og:url\" content=\"https:\/\/www.muatsdrawig.at\/en\/vegan-advent-market-spittelberg-vienna\/\" \/>\n<meta property=\"og:site_name\" content=\"muats drawig\" \/>\n<meta property=\"article:published_time\" content=\"2023-12-22T04:55:53+00:00\" \/>\n<meta property=\"article:modified_time\" content=\"2024-01-11T20:28:49+00:00\" \/>\n<meta property=\"og:image\" content=\"https:\/\/www.muatsdrawig.at\/wp-content\/uploads\/2023\/12\/DSC01801-Enhanced-NR-scaled.jpeg\" \/>\n\t<meta property=\"og:image:width\" content=\"2560\" \/>\n\t<meta property=\"og:image:height\" content=\"1707\" \/>\n\t<meta property=\"og:image:type\" content=\"image\/jpeg\" \/>\n<meta name=\"author\" content=\"Eli\" \/>\n<meta name=\"twitter:card\" content=\"summary_large_image\" \/>\n<meta name=\"twitter:label1\" content=\"Written by\" \/>\n\t<meta name=\"twitter:data1\" content=\"Eli\" \/>\n\t<meta name=\"twitter:label2\" content=\"Estimated reading time\" \/>\n\t<meta name=\"twitter:data2\" content=\"5 minutes\" \/>\n<script type=\"application\/ld+json\" class=\"yoast-schema-graph\">{\"@context\":\"https:\\\/\\\/schema.org\",\"@graph\":[{\"@type\":\"Article\",\"@id\":\"https:\\\/\\\/www.muatsdrawig.at\\\/veganer-adventmarkt-spittelberg-wien#article\",\"isPartOf\":{\"@id\":\"https:\\\/\\\/www.muatsdrawig.at\\\/veganer-adventmarkt-spittelberg-wien\"},\"author\":{\"name\":\"Eli\",\"@id\":\"https:\\\/\\\/www.muatsdrawig.at\\\/#\\\/schema\\\/person\\\/07163a9b0431f17789c009cb76409673\"},\"headline\":\"Der vegane Adventmarkt &#8211; Weihnachtsmarkt am Spittelberg in Wien\",\"datePublished\":\"2023-12-22T04:55:53+00:00\",\"dateModified\":\"2024-01-11T20:28:49+00:00\",\"mainEntityOfPage\":{\"@id\":\"https:\\\/\\\/www.muatsdrawig.at\\\/veganer-adventmarkt-spittelberg-wien\"},\"wordCount\":677,\"commentCount\":1,\"publisher\":{\"@id\":\"https:\\\/\\\/www.muatsdrawig.at\\\/#organization\"},\"image\":{\"@id\":\"https:\\\/\\\/www.muatsdrawig.at\\\/veganer-adventmarkt-spittelberg-wien#primaryimage\"},\"thumbnailUrl\":\"https:\\\/\\\/i0.wp.com\\\/www.muatsdrawig.at\\\/wp-content\\\/uploads\\\/2023\\\/12\\\/DSC01801-Enhanced-NR-scaled.jpeg?fit=2560%2C1707&ssl=1\",\"keywords\":[\"advent\",\"adventmarkt\",\"adventmarkt f\u00fcr veganer:innen\",\"christmas\",\"christmasmarket\",\"spittelberg\",\"Vegan\",\"veganer adventmarkt\",\"veggie\",\"weihnachtsmarkt\",\"weihnachtsmarkt am spittelberg\",\"wien\"],\"articleSection\":[\"Ausflugstipps\",\"Events &amp; Veranstaltungen\",\"Kulinarik\"],\"inLanguage\":\"en-GB\",\"potentialAction\":[{\"@type\":\"CommentAction\",\"name\":\"Comment\",\"target\":[\"https:\\\/\\\/www.muatsdrawig.at\\\/veganer-adventmarkt-spittelberg-wien#respond\"]}]},{\"@type\":\"WebPage\",\"@id\":\"https:\\\/\\\/www.muatsdrawig.at\\\/veganer-adventmarkt-spittelberg-wien\",\"url\":\"https:\\\/\\\/www.muatsdrawig.at\\\/veganer-adventmarkt-spittelberg-wien\",\"name\":\"Der vegane Adventmarkt - Weihnachtsmarkt am Spittelberg\",\"isPartOf\":{\"@id\":\"https:\\\/\\\/www.muatsdrawig.at\\\/#website\"},\"primaryImageOfPage\":{\"@id\":\"https:\\\/\\\/www.muatsdrawig.at\\\/veganer-adventmarkt-spittelberg-wien#primaryimage\"},\"image\":{\"@id\":\"https:\\\/\\\/www.muatsdrawig.at\\\/veganer-adventmarkt-spittelberg-wien#primaryimage\"},\"thumbnailUrl\":\"https:\\\/\\\/i0.wp.com\\\/www.muatsdrawig.at\\\/wp-content\\\/uploads\\\/2023\\\/12\\\/DSC01801-Enhanced-NR-scaled.jpeg?fit=2560%2C1707&ssl=1\",\"datePublished\":\"2023-12-22T04:55:53+00:00\",\"dateModified\":\"2024-01-11T20:28:49+00:00\",\"description\":\"Du bist Veganer:in und fragst dich, welcher Adventmarkt auch f\u00fcr dich etwas zu bieten hat? Dann bist du definitiv am Spittelberg richtig!\",\"breadcrumb\":{\"@id\":\"https:\\\/\\\/www.muatsdrawig.at\\\/veganer-adventmarkt-spittelberg-wien#breadcrumb\"},\"inLanguage\":\"en-GB\",\"potentialAction\":[{\"@type\":\"ReadAction\",\"target\":[\"https:\\\/\\\/www.muatsdrawig.at\\\/veganer-adventmarkt-spittelberg-wien\"]}]},{\"@type\":\"ImageObject\",\"inLanguage\":\"en-GB\",\"@id\":\"https:\\\/\\\/www.muatsdrawig.at\\\/veganer-adventmarkt-spittelberg-wien#primaryimage\",\"url\":\"https:\\\/\\\/i0.wp.com\\\/www.muatsdrawig.at\\\/wp-content\\\/uploads\\\/2023\\\/12\\\/DSC01801-Enhanced-NR-scaled.jpeg?fit=2560%2C1707&ssl=1\",\"contentUrl\":\"https:\\\/\\\/i0.wp.com\\\/www.muatsdrawig.at\\\/wp-content\\\/uploads\\\/2023\\\/12\\\/DSC01801-Enhanced-NR-scaled.jpeg?fit=2560%2C1707&ssl=1\",\"width\":2560,\"height\":1707,\"caption\":\"Kinderpunsch am Adventmarkt\"},{\"@type\":\"BreadcrumbList\",\"@id\":\"https:\\\/\\\/www.muatsdrawig.at\\\/veganer-adventmarkt-spittelberg-wien#breadcrumb\",\"itemListElement\":[{\"@type\":\"ListItem\",\"position\":1,\"name\":\"Startseite\",\"item\":\"https:\\\/\\\/www.muatsdrawig.at\\\/\"},{\"@type\":\"ListItem\",\"position\":2,\"name\":\"Der vegane Adventmarkt &#8211; Weihnachtsmarkt am Spittelberg in Wien\"}]},{\"@type\":\"WebSite\",\"@id\":\"https:\\\/\\\/www.muatsdrawig.at\\\/#website\",\"url\":\"https:\\\/\\\/www.muatsdrawig.at\\\/\",\"name\":\"muats drawig\",\"description\":\"Dein Freizeitblog f\u00fcr Ausflugstipps und vegane Vielfalt in \u00d6sterreich\",\"publisher\":{\"@id\":\"https:\\\/\\\/www.muatsdrawig.at\\\/#organization\"},\"potentialAction\":[{\"@type\":\"SearchAction\",\"target\":{\"@type\":\"EntryPoint\",\"urlTemplate\":\"https:\\\/\\\/www.muatsdrawig.at\\\/?s={search_term_string}\"},\"query-input\":{\"@type\":\"PropertyValueSpecification\",\"valueRequired\":true,\"valueName\":\"search_term_string\"}}],\"inLanguage\":\"en-GB\"},{\"@type\":\"Organization\",\"@id\":\"https:\\\/\\\/www.muatsdrawig.at\\\/#organization\",\"name\":\"muats drawig\",\"url\":\"https:\\\/\\\/www.muatsdrawig.at\\\/\",\"logo\":{\"@type\":\"ImageObject\",\"inLanguage\":\"en-GB\",\"@id\":\"https:\\\/\\\/www.muatsdrawig.at\\\/#\\\/schema\\\/logo\\\/image\\\/\",\"url\":\"https:\\\/\\\/i0.wp.com\\\/www.muatsdrawig.at\\\/wp-content\\\/uploads\\\/2022\\\/08\\\/Logo-quer-transparent-header.png?fit=2467%2C724&ssl=1\",\"contentUrl\":\"https:\\\/\\\/i0.wp.com\\\/www.muatsdrawig.at\\\/wp-content\\\/uploads\\\/2022\\\/08\\\/Logo-quer-transparent-header.png?fit=2467%2C724&ssl=1\",\"width\":2467,\"height\":724,\"caption\":\"muats drawig\"},\"image\":{\"@id\":\"https:\\\/\\\/www.muatsdrawig.at\\\/#\\\/schema\\\/logo\\\/image\\\/\"}},{\"@type\":\"Person\",\"@id\":\"https:\\\/\\\/www.muatsdrawig.at\\\/#\\\/schema\\\/person\\\/07163a9b0431f17789c009cb76409673\",\"name\":\"Eli\",\"image\":{\"@type\":\"ImageObject\",\"inLanguage\":\"en-GB\",\"@id\":\"https:\\\/\\\/secure.gravatar.com\\\/avatar\\\/a9158106ed6fba887a5b8be10dcfe3c7b3bafee0055e9f42d66b29b709754ed7?s=96&d=mm&r=g\",\"url\":\"https:\\\/\\\/secure.gravatar.com\\\/avatar\\\/a9158106ed6fba887a5b8be10dcfe3c7b3bafee0055e9f42d66b29b709754ed7?s=96&d=mm&r=g\",\"contentUrl\":\"https:\\\/\\\/secure.gravatar.com\\\/avatar\\\/a9158106ed6fba887a5b8be10dcfe3c7b3bafee0055e9f42d66b29b709754ed7?s=96&d=mm&r=g\",\"caption\":\"Eli\"},\"description\":\"Als humorvoller Kumpel, der die lustigen und sch\u00f6nen Dinge im Leben sch\u00e4tzt, immer muats drawig ist und vieles glaubt besser zu wissen, manage ich den Hobbyblog f\u00fcr alle Outdoor- &amp; Freizeitbegeisterten. \ud83d\ude04\",\"sameAs\":[\"http:\\\/\\\/www.dareshouri.at\",\"https:\\\/\\\/www.instagram.com\\\/muatsdrawig.at\"],\"url\":\"https:\\\/\\\/www.muatsdrawig.at\\\/en\\\/author\\\/elyas\"}]}<\/script>\n<!-- \/ Yoast SEO plugin. -->","yoast_head_json":{"title":"The vegan Advent market - Christmas market on Spittelberg","description":"Are you a vegan and wondering which Advent market has something to offer you? Then Spittelberg is definitely the right place for you!","robots":{"index":"index","follow":"follow","max-snippet":"max-snippet:-1","max-image-preview":"max-image-preview:large","max-video-preview":"max-video-preview:-1"},"canonical":"https:\/\/www.muatsdrawig.at\/en\/vegan-advent-market-spittelberg-vienna\/","og_locale":"en_GB","og_type":"article","og_title":"Der vegane Adventmarkt - Weihnachtsmarkt am Spittelberg","og_description":"Du bist Veganer:in und fragst dich, welcher Adventmarkt auch f\u00fcr dich etwas zu bieten hat? Dann bist du definitiv am Spittelberg richtig!","og_url":"https:\/\/www.muatsdrawig.at\/en\/vegan-advent-market-spittelberg-vienna\/","og_site_name":"muats drawig","article_published_time":"2023-12-22T04:55:53+00:00","article_modified_time":"2024-01-11T20:28:49+00:00","og_image":[{"width":2560,"height":1707,"url":"https:\/\/www.muatsdrawig.at\/wp-content\/uploads\/2023\/12\/DSC01801-Enhanced-NR-scaled.jpeg","type":"image\/jpeg"}],"author":"Eli","twitter_card":"summary_large_image","twitter_misc":{"Written by":"Eli","Estimated reading time":"5 minutes"},"schema":{"@context":"https:\/\/schema.org","@graph":[{"@type":"Article","@id":"https:\/\/www.muatsdrawig.at\/veganer-adventmarkt-spittelberg-wien#article","isPartOf":{"@id":"https:\/\/www.muatsdrawig.at\/veganer-adventmarkt-spittelberg-wien"},"author":{"name":"Eli","@id":"https:\/\/www.muatsdrawig.at\/#\/schema\/person\/07163a9b0431f17789c009cb76409673"},"headline":"Der vegane Adventmarkt &#8211; Weihnachtsmarkt am Spittelberg in Wien","datePublished":"2023-12-22T04:55:53+00:00","dateModified":"2024-01-11T20:28:49+00:00","mainEntityOfPage":{"@id":"https:\/\/www.muatsdrawig.at\/veganer-adventmarkt-spittelberg-wien"},"wordCount":677,"commentCount":1,"publisher":{"@id":"https:\/\/www.muatsdrawig.at\/#organization"},"image":{"@id":"https:\/\/www.muatsdrawig.at\/veganer-adventmarkt-spittelberg-wien#primaryimage"},"thumbnailUrl":"https:\/\/i0.wp.com\/www.muatsdrawig.at\/wp-content\/uploads\/2023\/12\/DSC01801-Enhanced-NR-scaled.jpeg?fit=2560%2C1707&ssl=1","keywords":["advent","adventmarkt","adventmarkt f\u00fcr veganer:innen","christmas","christmasmarket","spittelberg","Vegan","veganer adventmarkt","veggie","weihnachtsmarkt","weihnachtsmarkt am spittelberg","wien"],"articleSection":["Ausflugstipps","Events &amp; Veranstaltungen","Kulinarik"],"inLanguage":"en-GB","potentialAction":[{"@type":"CommentAction","name":"Comment","target":["https:\/\/www.muatsdrawig.at\/veganer-adventmarkt-spittelberg-wien#respond"]}]},{"@type":"WebPage","@id":"https:\/\/www.muatsdrawig.at\/veganer-adventmarkt-spittelberg-wien","url":"https:\/\/www.muatsdrawig.at\/veganer-adventmarkt-spittelberg-wien","name":"The vegan Advent market - Christmas market on Spittelberg","isPartOf":{"@id":"https:\/\/www.muatsdrawig.at\/#website"},"primaryImageOfPage":{"@id":"https:\/\/www.muatsdrawig.at\/veganer-adventmarkt-spittelberg-wien#primaryimage"},"image":{"@id":"https:\/\/www.muatsdrawig.at\/veganer-adventmarkt-spittelberg-wien#primaryimage"},"thumbnailUrl":"https:\/\/i0.wp.com\/www.muatsdrawig.at\/wp-content\/uploads\/2023\/12\/DSC01801-Enhanced-NR-scaled.jpeg?fit=2560%2C1707&ssl=1","datePublished":"2023-12-22T04:55:53+00:00","dateModified":"2024-01-11T20:28:49+00:00","description":"Are you a vegan and wondering which Advent market has something to offer you? Then Spittelberg is definitely the right place for you!","breadcrumb":{"@id":"https:\/\/www.muatsdrawig.at\/veganer-adventmarkt-spittelberg-wien#breadcrumb"},"inLanguage":"en-GB","potentialAction":[{"@type":"ReadAction","target":["https:\/\/www.muatsdrawig.at\/veganer-adventmarkt-spittelberg-wien"]}]},{"@type":"ImageObject","inLanguage":"en-GB","@id":"https:\/\/www.muatsdrawig.at\/veganer-adventmarkt-spittelberg-wien#primaryimage","url":"https:\/\/i0.wp.com\/www.muatsdrawig.at\/wp-content\/uploads\/2023\/12\/DSC01801-Enhanced-NR-scaled.jpeg?fit=2560%2C1707&ssl=1","contentUrl":"https:\/\/i0.wp.com\/www.muatsdrawig.at\/wp-content\/uploads\/2023\/12\/DSC01801-Enhanced-NR-scaled.jpeg?fit=2560%2C1707&ssl=1","width":2560,"height":1707,"caption":"Kinderpunsch am Adventmarkt"},{"@type":"BreadcrumbList","@id":"https:\/\/www.muatsdrawig.at\/veganer-adventmarkt-spittelberg-wien#breadcrumb","itemListElement":[{"@type":"ListItem","position":1,"name":"Startseite","item":"https:\/\/www.muatsdrawig.at\/"},{"@type":"ListItem","position":2,"name":"Der vegane Adventmarkt &#8211; Weihnachtsmarkt am Spittelberg in Wien"}]},{"@type":"WebSite","@id":"https:\/\/www.muatsdrawig.at\/#website","url":"https:\/\/www.muatsdrawig.at\/","name":"muats drawig","description":"Your leisure blog for excursion tips and vegan diversity in Austria","publisher":{"@id":"https:\/\/www.muatsdrawig.at\/#organization"},"potentialAction":[{"@type":"SearchAction","target":{"@type":"EntryPoint","urlTemplate":"https:\/\/www.muatsdrawig.at\/?s={search_term_string}"},"query-input":{"@type":"PropertyValueSpecification","valueRequired":true,"valueName":"search_term_string"}}],"inLanguage":"en-GB"},{"@type":"Organization","@id":"https:\/\/www.muatsdrawig.at\/#organization","name":"muats drawig","url":"https:\/\/www.muatsdrawig.at\/","logo":{"@type":"ImageObject","inLanguage":"en-GB","@id":"https:\/\/www.muatsdrawig.at\/#\/schema\/logo\/image\/","url":"https:\/\/i0.wp.com\/www.muatsdrawig.at\/wp-content\/uploads\/2022\/08\/Logo-quer-transparent-header.png?fit=2467%2C724&ssl=1","contentUrl":"https:\/\/i0.wp.com\/www.muatsdrawig.at\/wp-content\/uploads\/2022\/08\/Logo-quer-transparent-header.png?fit=2467%2C724&ssl=1","width":2467,"height":724,"caption":"muats drawig"},"image":{"@id":"https:\/\/www.muatsdrawig.at\/#\/schema\/logo\/image\/"}},{"@type":"Person","@id":"https:\/\/www.muatsdrawig.at\/#\/schema\/person\/07163a9b0431f17789c009cb76409673","name":"Eli","image":{"@type":"ImageObject","inLanguage":"en-GB","@id":"https:\/\/secure.gravatar.com\/avatar\/a9158106ed6fba887a5b8be10dcfe3c7b3bafee0055e9f42d66b29b709754ed7?s=96&d=mm&r=g","url":"https:\/\/secure.gravatar.com\/avatar\/a9158106ed6fba887a5b8be10dcfe3c7b3bafee0055e9f42d66b29b709754ed7?s=96&d=mm&r=g","contentUrl":"https:\/\/secure.gravatar.com\/avatar\/a9158106ed6fba887a5b8be10dcfe3c7b3bafee0055e9f42d66b29b709754ed7?s=96&d=mm&r=g","caption":"Eli"},"description":"As a humorous mate who appreciates the funny and beautiful things in life, is always muats drawig and thinks he knows a lot of things better, I manage the hobby blog for all outdoor &amp; leisure enthusiasts. \ud83d\ude04","sameAs":["http:\/\/www.dareshouri.at","https:\/\/www.instagram.com\/muatsdrawig.at"],"url":"https:\/\/www.muatsdrawig.at\/en\/author\/elyas"}]}},"jetpack_publicize_connections":[],"jetpack_featured_media_url":"https:\/\/i0.wp.com\/www.muatsdrawig.at\/wp-content\/uploads\/2023\/12\/DSC01801-Enhanced-NR-scaled.jpeg?fit=2560%2C1707&ssl=1","jetpack_sharing_enabled":true,"jetpack_likes_enabled":true,"_links":{"self":[{"href":"https:\/\/www.muatsdrawig.at\/en\/wp-json\/wp\/v2\/posts\/6211","targetHints":{"allow":["GET"]}}],"collection":[{"href":"https:\/\/www.muatsdrawig.at\/en\/wp-json\/wp\/v2\/posts"}],"about":[{"href":"https:\/\/www.muatsdrawig.at\/en\/wp-json\/wp\/v2\/types\/post"}],"author":[{"embeddable":true,"href":"https:\/\/www.muatsdrawig.at\/en\/wp-json\/wp\/v2\/users\/1"}],"replies":[{"embeddable":true,"href":"https:\/\/www.muatsdrawig.at\/en\/wp-json\/wp\/v2\/comments?post=6211"}],"version-history":[{"count":5,"href":"https:\/\/www.muatsdrawig.at\/en\/wp-json\/wp\/v2\/posts\/6211\/revisions"}],"predecessor-version":[{"id":6403,"href":"https:\/\/www.muatsdrawig.at\/en\/wp-json\/wp\/v2\/posts\/6211\/revisions\/6403"}],"wp:featuredmedia":[{"embeddable":true,"href":"https:\/\/www.muatsdrawig.at\/en\/wp-json\/wp\/v2\/media\/6217"}],"wp:attachment":[{"href":"https:\/\/www.muatsdrawig.at\/en\/wp-json\/wp\/v2\/media?parent=6211"}],"wp:term":[{"taxonomy":"category","embeddable":true,"href":"https:\/\/www.muatsdrawig.at\/en\/wp-json\/wp\/v2\/categories?post=6211"},{"taxonomy":"post_tag","embeddable":true,"href":"https:\/\/www.muatsdrawig.at\/en\/wp-json\/wp\/v2\/tags?post=6211"}],"curies":[{"name":"wp","href":"https:\/\/api.w.org\/{rel}","templated":true}]}}