{"id":6005,"date":"2023-11-23T06:30:33","date_gmt":"2023-11-23T05:30:33","guid":{"rendered":"https:\/\/www.muatsdrawig.at\/?p=6005"},"modified":"2026-01-01T23:16:30","modified_gmt":"2026-01-01T22:16:30","slug":"vienna-comic-con-2023-viecc-trade-fair-vienna","status":"publish","type":"post","link":"https:\/\/www.muatsdrawig.at\/en\/vienna-comic-con-2023-viecc-messe-wien","title":{"rendered":"Vienna Comic Con 2023 - VIECC Trade Fair Vienna"},"content":{"rendered":"<div class=\"\" data-block=\"true\" data-editor=\"9ukhu\" data-offset-key=\"ehujo-0-0\">\n<h2 class=\"public-DraftStyleDefault-block public-DraftStyleDefault-ltr\" data-offset-key=\"ehujo-0-0\">We were at the Vienna Comic Con 2023 and we were not alone, an incredible 39,000 visitors from all over Europe were there. Stars and artists of all kinds, countless exhibitors, fantastic cosplays and merchandise as far as the eye can see.<\/h2>\n<\/div>\n<div class=\"\" data-block=\"true\" data-editor=\"9ukhu\" data-offset-key=\"8fip9-0-0\">\n<div class=\"public-DraftStyleDefault-block public-DraftStyleDefault-ltr\" data-offset-key=\"8fip9-0-0\"><span data-offset-key=\"8fip9-0-0\">&nbsp;<\/span><\/div>\n<\/div>\n<div class=\"\" data-block=\"true\" data-editor=\"9ukhu\" data-offset-key=\"e2pib-0-0\">\n<div class=\"public-DraftStyleDefault-block public-DraftStyleDefault-ltr\" data-offset-key=\"e2pib-0-0\"><span data-offset-key=\"e2pib-6-0\">On 18 &amp; 19 November, the Vienna Comic Con 2023 took place at Messe Wien and we paid it a visit. Like last year, it was once again a fantastic experience. So many great impressions - incredibly talented artists, merchandise stands for every genre and my highlight: the fantastic cosplays that never cease to fascinate me. In this post, I'll tell you what else there was and what VIECC 2023 was like for us.<\/span><\/div>\n<\/div>\n<div class=\"\" data-block=\"true\" data-editor=\"9ukhu\" data-offset-key=\"7uasa-0-0\">\n<div class=\"public-DraftStyleDefault-block public-DraftStyleDefault-ltr\" data-offset-key=\"7uasa-0-0\">&nbsp;<\/div>\n<\/div>\n<div class=\"\" data-block=\"true\" data-editor=\"9ukhu\" data-offset-key=\"9h70v-0-0\">\n<div class=\"public-DraftStyleDefault-block public-DraftStyleDefault-ltr\" data-offset-key=\"9h70v-0-0\"><span data-offset-key=\"9h70v-0-0\">&nbsp;<\/span><span style=\"color: #1f1f1f; font-family: 'Trebuchet MS', Helvetica, sans-serif; font-size: 24px; font-weight: bold;\">Directions and parking facilities<\/span><\/div>\n<\/div>\n<h4 data-block=\"true\" data-editor=\"9ukhu\" data-offset-key=\"5vos5-0-0\">&nbsp;<\/h4>\n<h4 data-block=\"true\" data-editor=\"9ukhu\" data-offset-key=\"5vos5-0-0\">By public transport<\/h4>\n<p>You can get to the Vienna Comic Con 2023 easily and carefree, without any stress or effort, by public transport. In my opinion, the best option is to take a Westbahn train to Vienna Westbahnhof. Now, of course, you have a few options for getting to the Vienna Exhibition Centre. We took the U3 in the direction of Simmering, making 4 stops on the way to Herrengasse. Here we then walked about 10 minutes to the U2, to Schottentor - as an alternative you can also take the U3 one stop further to Stephansplatz, change to the U1 and travel to Praterstern (3 stops). The last journey for both options is on the U2 to Messe - Prater. You will be standing right in front of the exhibition centre and have reached your destination.<\/p>\n<h4>By car<\/h4>\n<p>The quickest way is clearly via the motorway. Take the A1 motorway and later the A21 towards Vienna. Then keep left and take the A23 motorway to the Handelskai exit. Now you only have a 5 - 10 minute journey ahead of you and you will have reached your destination by car.&nbsp;<\/p>\n<p>You can park directly on site, Messe Wien provides several multi-storey car parks. Car parks A &amp; D and the CC underground car park together offer space for around 4000 vehicles. The parking fee for all three is \u20ac4.20 per hour or part thereof. My information is that as a trade fair visitor you have to pay a daily flat rate of \u20ac 8.00 - this can be redeemed at the trade fair cash desks. However, you would have to read in advance exactly how this works.<\/p>\n<p><span style=\"color: #1f1f1f; font-family: 'Trebuchet MS', Helvetica, sans-serif; font-size: 24px; font-weight: bold;\">Ticket variants at the VIECC<\/span><\/p>\n<div class=\"\" data-block=\"true\" data-editor=\"9ukhu\" data-offset-key=\"cchp3-0-0\">\n<p><span id=\"decorator-synonym-entity-id-4003\" data-entity-key=\"4003\" data-offset-key=\"8d3p0-0-0\"><span data-offset-key=\"8d3p0-0-0\">Tickets could be purchased directly and easily from <\/span><\/span><span id=\"decorator-ignored-entity-id-4116\" data-entity-key=\"4116\" data-offset-key=\"8d3p0-1-0\"><span data-offset-key=\"8d3p0-1-0\">OETICKET<\/span><\/span><span id=\"decorator-synonym-entity-id-4003\" data-entity-key=\"4003\" data-offset-key=\"8d3p0-2-0\"><span data-offset-key=\"8d3p0-2-0\"> purchase. A Saturday ticket at the normal price in the <\/span><\/span><span id=\"decorator-ignored-entity-id-4117\" data-entity-key=\"4117\" data-offset-key=\"8d3p0-3-0\"><span data-offset-key=\"8d3p0-3-0\">Advance booking<\/span><\/span><span id=\"decorator-synonym-entity-id-4003\" data-entity-key=\"4003\" data-offset-key=\"8d3p0-4-0\"><span data-offset-key=\"8d3p0-4-0\">&nbsp; cost 41,- <\/span><\/span><span id=\"decorator-ignored-entity-id-7986\" data-entity-key=\"7986\" data-offset-key=\"8d3p0-5-0\"><span data-offset-key=\"8d3p0-5-0\">EUR and you could be on site from 10:00 to 19:00. E<\/span><\/span><span id=\"decorator-synonym-entity-id-4003\" data-entity-key=\"4003\" data-offset-key=\"8d3p0-6-0\"><span data-offset-key=\"8d3p0-6-0\">you could get a Sunday ticket for 37,- <\/span><\/span><span id=\"decorator-ignored-entity-id-7987\" data-entity-key=\"7987\" data-offset-key=\"8d3p0-7-0\"><span data-offset-key=\"8d3p0-7-0\">EUR, but shorter opening hours from 10:00 - 17:00<\/span><\/span><span id=\"decorator-synonym-entity-id-4003\" data-entity-key=\"4003\" data-offset-key=\"8d3p0-8-0\"><span data-offset-key=\"8d3p0-8-0\">. The <\/span><\/span><span id=\"decorator-ignored-entity-id-4336\" data-entity-key=\"4336\" data-offset-key=\"8d3p0-9-0\"><span data-offset-key=\"8d3p0-9-0\">Weekend ticket<\/span><\/span><span id=\"decorator-synonym-entity-id-4003\" data-entity-key=\"4003\" data-offset-key=\"8d3p0-10-0\"><span data-offset-key=\"8d3p0-10-0\"> was 70,- <\/span><\/span><span id=\"decorator-ignored-entity-id-7988\" data-entity-key=\"7988\" data-offset-key=\"8d3p0-11-0\"><span data-offset-key=\"8d3p0-11-0\">EUR<\/span><\/span><span id=\"decorator-synonym-entity-id-4003\" data-entity-key=\"4003\" data-offset-key=\"8d3p0-12-0\"><span data-offset-key=\"8d3p0-12-0\"> and a VIP ticket was available for 300,- <\/span><\/span><span id=\"decorator-ignored-entity-id-7989\" data-entity-key=\"7989\" data-offset-key=\"8d3p0-13-0\"><span data-offset-key=\"8d3p0-13-0\">EUR<\/span><\/span><span id=\"decorator-synonym-entity-id-4003\" data-entity-key=\"4003\" data-offset-key=\"8d3p0-14-0\"><span data-offset-key=\"8d3p0-14-0\"> acquire.<\/span><\/span><\/p>\n<\/div>\n<h3 data-block=\"true\" data-editor=\"9ukhu\" data-offset-key=\"6968f-0-0\">Programme at the Vienna Comic Con 2023<\/h3>\n<p>There were plenty of different stages with a wide variety of programmes again this year. So many that it's impossible to list everything in a blog post like this. But I would still like to give you a little insight. What I particularly liked, what was part of the programme for me and also something new this year.<\/p>\n<p><img data-recalc-dims=\"1\" fetchpriority=\"high\" decoding=\"async\" class=\"wp-image-6040 alignleft\" src=\"https:\/\/i0.wp.com\/www.muatsdrawig.at\/wp-content\/uploads\/2023\/11\/DSC_3502-topaz-enhance-2.1x.jpg?resize=450%2C675&#038;ssl=1\" alt=\"\" width=\"450\" height=\"675\" srcset=\"https:\/\/i0.wp.com\/www.muatsdrawig.at\/wp-content\/uploads\/2023\/11\/DSC_3502-topaz-enhance-2.1x.jpg?w=1365&amp;ssl=1 1365w, https:\/\/i0.wp.com\/www.muatsdrawig.at\/wp-content\/uploads\/2023\/11\/DSC_3502-topaz-enhance-2.1x.jpg?resize=200%2C300&amp;ssl=1 200w, https:\/\/i0.wp.com\/www.muatsdrawig.at\/wp-content\/uploads\/2023\/11\/DSC_3502-topaz-enhance-2.1x.jpg?resize=683%2C1024&amp;ssl=1 683w, https:\/\/i0.wp.com\/www.muatsdrawig.at\/wp-content\/uploads\/2023\/11\/DSC_3502-topaz-enhance-2.1x.jpg?resize=768%2C1152&amp;ssl=1 768w, https:\/\/i0.wp.com\/www.muatsdrawig.at\/wp-content\/uploads\/2023\/11\/DSC_3502-topaz-enhance-2.1x.jpg?resize=1024%2C1536&amp;ssl=1 1024w\" sizes=\"(max-width: 450px) 100vw, 450px\" \/>Actors, dubbing actors and artists were present on the main stage throughout the weekend. Interviews were conducted, live drawings were made and there was also a cosplay championship. The Mainstage is a must for me, where I always pop in from time to time.<\/p>\n<p>And of course, as every year, you get the chance to meet one of your idols at the VIECC, talk to them briefly and get a photo and\/or autograph. In 2023, there was definitely someone here for everyone who they had always wanted to see live - for me, this is a very special highlight at such events. Being so close to a star you've perhaps been following on TV for ages is something very special. You had to pay extra for both, but unfortunately I couldn't find any more price lists.<\/p>\n<p>New at the Vienna Comic Con 2023 was the Drag Queen Stage. The atmosphere there was amazing. Everyone was in a good mood, the chairs were all occupied and the VIECC visitors gathered around. The performances I saw were awesome - damn they knew how to put on a show. This was really just a small insight, or rather these were just my little highlights from the programme and the stages.<\/p>\n<div class=\"\" data-block=\"true\" data-editor=\"9ukhu\" data-offset-key=\"711ve-0-0\">\n<div class=\"public-DraftStyleDefault-block public-DraftStyleDefault-ltr\" data-offset-key=\"711ve-0-0\"><span style=\"color: #1f1f1f; font-family: 'Trebuchet MS', Helvetica, sans-serif; font-size: 24px; font-weight: bold;\" data-offset-key=\"bv42l-0-0\">Star guests, artists and all other <\/span><span id=\"decorator-ignored-entity-id-8003\" style=\"color: #1f1f1f; font-family: 'Trebuchet MS', Helvetica, sans-serif; font-size: 24px; font-weight: bold;\" data-entity-key=\"8003\" data-offset-key=\"bv42l-1-0\"><span data-offset-key=\"bv42l-1-0\">Guests<\/span><\/span><\/div>\n<\/div>\n<div class=\"\" data-block=\"true\" data-editor=\"9ukhu\" data-offset-key=\"7it28-0-0\">\n<div class=\"public-DraftStyleDefault-block public-DraftStyleDefault-ltr\" data-offset-key=\"7it28-0-0\"><span data-offset-key=\"7it28-0-0\">&nbsp;<\/span><\/div>\n<\/div>\n<div class=\"\" data-block=\"true\" data-editor=\"9ukhu\" data-offset-key=\"2k8o8-0-0\">\n<h4 class=\"public-DraftStyleDefault-block public-DraftStyleDefault-ltr\" data-offset-key=\"2k8o8-0-0\"><span data-offset-key=\"2k8o8-1-0\">Entertainment - Stars<\/span><\/h4>\n<\/div>\n<div class=\"\" data-block=\"true\" data-editor=\"9ukhu\" data-offset-key=\"b5j5r-0-0\">\n<ul>\n<li class=\"public-DraftStyleDefault-block public-DraftStyleDefault-ltr\" data-offset-key=\"b5j5r-0-0\"><strong>Jonathan Frakes<\/strong> - \u201eMister X-Factor\u201c himself, which I still love to watch today. But not only known from this programme, also from Star Trek as Commander William Riker.<\/li>\n<li class=\"public-DraftStyleDefault-block public-DraftStyleDefault-ltr\" data-offset-key=\"b5j5r-0-0\"><strong>Sam J. Jones<\/strong> - known for his leading role in Flash Gordon as the film hero of the same name or as himself in the two Ted films.<\/li>\n<li class=\"public-DraftStyleDefault-block public-DraftStyleDefault-ltr\" data-offset-key=\"b5j5r-0-0\"><strong>John Ross Bowie<\/strong> - In The Big Bang Theory he played Barry Kripke from 2009 - 2019 and many other roles.<\/li>\n<li data-offset-key=\"b5j5r-0-0\"><strong>Hunter Doohan&nbsp;<\/strong>- Tyler Galpin from the successful Netflix series Wednesday.<\/li>\n<li data-offset-key=\"b5j5r-0-0\"><strong>David Anders<\/strong> - The first role that made him famous was as the villain \u201eSark\u201c in Alias. He was seen in the series Heros and 24 and as a supporting role in Vampire Diaries.<\/li>\n<\/ul>\n<\/div>\n<div class=\"\" data-block=\"true\" data-editor=\"9ukhu\" data-offset-key=\"3of61-0-0\">\n<div class=\"public-DraftStyleDefault-block public-DraftStyleDefault-ltr\" data-offset-key=\"3of61-0-0\"><span data-offset-key=\"3of61-0-0\">&nbsp;<\/span><\/div>\n<div data-offset-key=\"3of61-0-0\">First of all, they were all great artists. However, I'm only going to mention a few of the ones I know, as otherwise the article would just consist of names. But that doesn't mean that the others don't deserve a mention.<\/div>\n<\/div>\n<div class=\"\" data-block=\"true\" data-editor=\"9ukhu\" data-offset-key=\"5of3o-0-0\">\n<h4 data-offset-key=\"5of3o-0-0\">&nbsp;<\/h4>\n<h4 class=\"public-DraftStyleDefault-block public-DraftStyleDefault-ltr\" data-offset-key=\"5of3o-0-0\"><span data-offset-key=\"5of3o-1-0\">Comic guests and artists<\/span><\/h4>\n<\/div>\n<div class=\"\" data-block=\"true\" data-editor=\"9ukhu\" data-offset-key=\"75vnf-0-0\">\n<ul>\n<li class=\"public-DraftStyleDefault-block public-DraftStyleDefault-ltr\" data-offset-key=\"75vnf-0-0\"><a href=\"https:\/\/www.yehudadevir.com\/\" target=\"_blank\" rel=\"noopener\"><strong>Maya &amp; Yehuda Devir<\/strong><\/a> - Comic artists who illustrate their life together with humorous one-panel drawings.<\/li>\n<li data-offset-key=\"75vnf-0-0\"><a href=\"https:\/\/ryanottley.com\/\" target=\"_blank\" rel=\"noopener\"><strong>Ryan Ottley<\/strong><\/a> - best known for his work on Invincible from Image Comics and Amazing Spider-Man from Marvel Comics.<\/li>\n<\/ul>\n<\/div>\n<ul>\n<li data-offset-key=\"56j7m-0-0\"><strong><a href=\"https:\/\/www.instagram.com\/mahmudasrar\/\" target=\"_blank\" rel=\"noopener\">Mahmud Asrar<\/a><\/strong> - was announced as the illustrator of the new Avengers series \u201eAll-New, All-Different Avengers\u201c as part of the \u201ereorganisation\u201c of the Marvel comic hero world (\u201eSecret Wars\u201c).&nbsp;<\/li>\n<\/ul>\n<div data-offset-key=\"56j7m-0-0\">&nbsp;<\/div>\n<h4 data-offset-key=\"56j7m-0-0\">Authors and content creators<\/h4>\n<ul>\n<li><a href=\"https:\/\/liza-grimm.de\/\" target=\"_blank\" rel=\"noopener\"><strong>Liza Grimm<\/strong><\/a> - Her debut novel \u201eThe Gods of Asgard\u201c will be published in 2018, but I knew Liza from the Talus book series.<\/li>\n<li data-offset-key=\"56j7m-0-0\"><strong><a href=\"https:\/\/www.instagram.com\/katazuri\/?hl=de\" target=\"_blank\" rel=\"noopener\">Katazuri<\/a> <\/strong>- From gaming to pen and paper - from Instagram to Tik Tok to Twitch, it's everywhere.&nbsp;<\/li>\n<\/ul>\n<h4 data-offset-key=\"56j7m-0-0\">&nbsp;<\/h4>\n<h4 data-offset-key=\"56j7m-0-0\">Dubbing actors and cosplay guests<\/h4>\n<p id=\"firstHeading\" class=\"firstHeading mw-first-heading\"><span class=\"mw-page-title-main\"><strong>Hans-Georg Panczak<\/strong> - For me, one of the first film voices I heard and knew. I'm an absolute Star Wars fan, they were the first films I \u201econsciously\u201c saw and here he lends his voice to Luke Skywalker aka Mark Hamill.<\/span><\/p>\n<p><a href=\"https:\/\/www.instagram.com\/kodiakcosplay\/?hl=de\" target=\"_blank\" rel=\"noopener\">Kodiak Cosplay<\/a> - a cosplayer from Hamburg who has been working as a cosplayer since 2014 and these are also impressive - simply amazing.<\/p>\n<div class=\"\" data-block=\"true\" data-editor=\"9ukhu\" data-offset-key=\"81ocp-0-0\">\n<div class=\"public-DraftStyleDefault-block public-DraftStyleDefault-ltr\" data-offset-key=\"81ocp-0-0\">&nbsp;<\/div>\n<\/div>\n<div class=\"\" data-block=\"true\" data-editor=\"9ukhu\" data-offset-key=\"amb6p-0-0\">\n<h3 class=\"public-DraftStyleDefault-block public-DraftStyleDefault-ltr\" data-offset-key=\"amb6p-0-0\"><span data-offset-key=\"amb6p-0-0\">That was the Vienna <\/span><span id=\"decorator-ignored-entity-id-7659\" data-entity-key=\"7659\" data-offset-key=\"amb6p-1-0\"><span data-offset-key=\"amb6p-1-0\">Comic<\/span><\/span><span data-offset-key=\"amb6p-2-0\"> Con 2023 for us - my <\/span><span id=\"decorator-ignored-entity-id-6743\" data-entity-key=\"6743\" data-offset-key=\"amb6p-3-0\"><span data-offset-key=\"amb6p-3-0\">Conclusion<\/span><\/span><\/h3>\n<\/div>\n<div class=\"\" data-block=\"true\" data-editor=\"9ukhu\" data-offset-key=\"bvbg7-0-0\">\n<div class=\"public-DraftStyleDefault-block public-DraftStyleDefault-ltr\" data-offset-key=\"bvbg7-0-0\"><span data-offset-key=\"bvbg7-0-0\">For me, it was even better this year than in 2022. Everything was much better organised and, in my opinion, the halls were bigger. Maybe Sunday is simply the better day to visit, which it was - because I liked it more. <\/span>I think if you've read this far, you've already realised how enthusiastic I was about VIECC 2023.<\/div>\n<div data-offset-key=\"bvbg7-0-0\">&nbsp;<\/div>\n<div class=\"public-DraftStyleDefault-block public-DraftStyleDefault-ltr\" data-offset-key=\"bvbg7-0-0\"><img data-recalc-dims=\"1\" decoding=\"async\" class=\"wp-image-6037 alignright\" src=\"https:\/\/i0.wp.com\/www.muatsdrawig.at\/wp-content\/uploads\/2023\/11\/DSC_3482-topaz-enhance-2.1x-sharpen.jpg?resize=445%2C668&#038;ssl=1\" alt=\"\" width=\"445\" height=\"668\" srcset=\"https:\/\/i0.wp.com\/www.muatsdrawig.at\/wp-content\/uploads\/2023\/11\/DSC_3482-topaz-enhance-2.1x-sharpen.jpg?w=1365&amp;ssl=1 1365w, https:\/\/i0.wp.com\/www.muatsdrawig.at\/wp-content\/uploads\/2023\/11\/DSC_3482-topaz-enhance-2.1x-sharpen.jpg?resize=200%2C300&amp;ssl=1 200w, https:\/\/i0.wp.com\/www.muatsdrawig.at\/wp-content\/uploads\/2023\/11\/DSC_3482-topaz-enhance-2.1x-sharpen.jpg?resize=683%2C1024&amp;ssl=1 683w, https:\/\/i0.wp.com\/www.muatsdrawig.at\/wp-content\/uploads\/2023\/11\/DSC_3482-topaz-enhance-2.1x-sharpen.jpg?resize=768%2C1152&amp;ssl=1 768w, https:\/\/i0.wp.com\/www.muatsdrawig.at\/wp-content\/uploads\/2023\/11\/DSC_3482-topaz-enhance-2.1x-sharpen.jpg?resize=1024%2C1536&amp;ssl=1 1024w\" sizes=\"(max-width: 445px) 100vw, 445px\" \/>The stages and star guests were great, the artists and exhibitors were simply fantastic and, for me as a little nerd and collector, the merchandise stands should not be forgotten. In my opinion, however, the greatest praise goes to all the cosplayers. The effort and expense that is put into every single cosplay is simply amazing for me.&nbsp;<\/div>\n<div data-offset-key=\"bvbg7-0-0\">What I should definitely not forget: the food trucks, which provided all visitors with energy. There was something for everyone here too, with a wide variety of dishes - with meat, vegetarian and vegan options. Nobody had to go hungry at this convention.<\/div>\n<\/div>\n<div data-offset-key=\"bvbg7-0-0\">&nbsp;<\/div>\n<div data-offset-key=\"bvbg7-0-0\">At the beginning of the year, I told Eli how much I was looking forward to the VIECC and that I thought it would be my personal highlight. Now it's the end of November and I can only say - I was right. Vienna Comic Con 2023 was a great event, my expectations were not disappointed. It was the last event for us this year and I can only say thank you for this great end to the year and that Messe Wien will definitely see me again at Vienna Comic Con 2024.<\/div>\n<div data-offset-key=\"bvbg7-0-0\">&nbsp;<\/div>\n<h3 data-offset-key=\"bvbg7-0-0\">Picture gallery and reel<\/h3>\n<p>Until <strong>End of the week<\/strong> you can find all the photos we took at the Vienna Comic Con 2023 here. I've also put a short video (reel) online in this post. <strong>IMPORTANT - don't forget to check back once all the photos have been uploaded, or simply write to us on Instagram (<a href=\"https:\/\/www.instagram.com\/muatsdrawig.at\/\" target=\"_blank\" rel=\"noopener\">muatsdrawig.at<\/a>) to see if there are (any more) photos of you. We're working flat out to get all the photos online as quickly as possible and believe me, there's still a long way to go.<\/strong><\/p>\n<div class=\"\" data-block=\"true\" data-editor=\"9ukhu\" data-offset-key=\"brqcu-0-0\">\n<div class=\"public-DraftStyleDefault-block public-DraftStyleDefault-ltr\" data-offset-key=\"brqcu-0-0\">&nbsp;<\/div>\n<\/div>\n<div class=\"\" data-block=\"true\" data-editor=\"9ukhu\" data-offset-key=\"ffsqg-0-0\">\n<div class=\"public-DraftStyleDefault-block public-DraftStyleDefault-ltr\" data-offset-key=\"ffsqg-0-0\">&nbsp;<\/div>\n<\/div>\n<blockquote class=\"instagram-media\" style=\"background: #FFF; border: 0; border-radius: 3px; box-shadow: 0 0 1px 0 rgba(0,0,0,0.5),0 1px 10px 0 rgba(0,0,0,0.15); margin: 1px; max-width: 540px; min-width: 326px; padding: 0; width: calc(100% - 2px);\" data-instgrm-captioned=\"\" data-instgrm-permalink=\"https:\/\/www.instagram.com\/reel\/Cz3Pf1WI1PX\/?utm_source=ig_embed&amp;utm_campaign=loading\" data-instgrm-version=\"14\">\n<div style=\"padding: 16px;\">\n<p>&nbsp;<\/p>\n<div style=\"display: flex; flex-direction: row; align-items: center;\">\n<div style=\"background-color: #f4f4f4; border-radius: 50%; flex-grow: 0; height: 40px; margin-right: 14px; width: 40px;\">&nbsp;<\/div>\n<div style=\"display: flex; flex-direction: column; flex-grow: 1; justify-content: center;\">\n<div style=\"background-color: #f4f4f4; border-radius: 4px; flex-grow: 0; height: 14px; margin-bottom: 6px; width: 100px;\">&nbsp;<\/div>\n<div style=\"background-color: #f4f4f4; border-radius: 4px; flex-grow: 0; height: 14px; width: 60px;\">&nbsp;<\/div>\n<\/div>\n<\/div>\n<div style=\"padding: 19% 0;\">&nbsp;<\/div>\n<div style=\"display: block; height: 50px; margin: 0 auto 12px; width: 50px;\">&nbsp;<\/div>\n<div style=\"padding-top: 8px;\">\n<div style=\"color: #3897f0; font-family: Arial,sans-serif; font-size: 14px; font-style: normal; font-weight: 550; line-height: 18px;\">Check out this post on Instagram<\/div>\n<\/div>\n<div style=\"padding: 12.5% 0;\">&nbsp;<\/div>\n<div style=\"display: flex; flex-direction: row; margin-bottom: 14px; align-items: center;\">\n<div>\n<div style=\"background-color: #f4f4f4; border-radius: 50%; height: 12.5px; width: 12.5px; transform: translateX(0px) translateY(7px);\">&nbsp;<\/div>\n<div style=\"background-color: #f4f4f4; height: 12.5px; transform: rotate(-45deg) translateX(3px) translateY(1px); width: 12.5px; flex-grow: 0; margin-right: 14px; margin-left: 2px;\">&nbsp;<\/div>\n<div style=\"background-color: #f4f4f4; border-radius: 50%; height: 12.5px; width: 12.5px; transform: translateX(9px) translateY(-18px);\">&nbsp;<\/div>\n<\/div>\n<div style=\"margin-left: 8px;\">\n<div style=\"background-color: #f4f4f4; border-radius: 50%; flex-grow: 0; height: 20px; width: 20px;\">&nbsp;<\/div>\n<div style=\"width: 0; height: 0; border-top: 2px solid transparent; border-left: 6px solid #f4f4f4; border-bottom: 2px solid transparent; transform: translateX(16px) translateY(-4px) rotate(30deg);\">&nbsp;<\/div>\n<\/div>\n<div style=\"margin-left: auto;\">\n<div style=\"width: 0px; border-top: 8px solid #F4F4F4; border-right: 8px solid transparent; transform: translateY(16px);\">&nbsp;<\/div>\n<div style=\"background-color: #f4f4f4; flex-grow: 0; height: 12px; width: 16px; transform: translateY(-4px);\">&nbsp;<\/div>\n<div style=\"width: 0; height: 0; border-top: 8px solid #F4F4F4; border-left: 8px solid transparent; transform: translateY(-4px) translateX(8px);\">&nbsp;<\/div>\n<\/div>\n<\/div>\n<div style=\"display: flex; flex-direction: column; flex-grow: 1; justify-content: center; margin-bottom: 24px;\">\n<div style=\"background-color: #f4f4f4; border-radius: 4px; flex-grow: 0; height: 14px; margin-bottom: 6px; width: 224px;\">&nbsp;<\/div>\n<div style=\"background-color: #f4f4f4; border-radius: 4px; flex-grow: 0; height: 14px; width: 144px;\">&nbsp;<\/div>\n<\/div>\n<p>&nbsp;<\/p>\n<p style=\"color: #c9c8cd; font-family: Arial,sans-serif; font-size: 14px; line-height: 17px; margin-bottom: 0; margin-top: 8px; overflow: hidden; padding: 8px 0 7px; text-align: center; text-overflow: ellipsis; white-space: nowrap;\"><a style=\"color: #c9c8cd; font-family: Arial,sans-serif; font-size: 14px; font-style: normal; font-weight: normal; line-height: 17px; text-decoration: none;\" href=\"https:\/\/www.instagram.com\/reel\/Cz3Pf1WI1PX\/?utm_source=ig_embed&amp;utm_campaign=loading\" target=\"_blank\" rel=\"noopener\">A post shared by muatsdrawig.at (@muatsdrawig.at)<\/a><\/p>\n<\/div>\n<\/blockquote>\n<p><script async=\"\" src=\"\/\/www.instagram.com\/embed.js\"><\/script><\/p>\n<div class=\"\" data-block=\"true\" data-editor=\"9ukhu\" data-offset-key=\"brqcu-0-0\">\n<div class=\"public-DraftStyleDefault-block public-DraftStyleDefault-ltr\" data-offset-key=\"brqcu-0-0\">This is your genre and you would like to write another blog post, then the <a href=\"https:\/\/www.muatsdrawig.at\/en\/acc-2023-austria-comic-con-in-wels\/\" target=\"_blank\" rel=\"noopener\">ACC 2023 - Austria Comic Con in Wels<\/a> just right for you.<\/div>\n<\/div>","protected":false},"excerpt":{"rendered":"<p>Wir waren auf der Vienna Comic Con 2023 und wir waren nicht alleine, unfassbare 39000 Besucher aus ganz Europa waren vor Ort. Stars und K\u00fcnstler jeder Art, unz\u00e4hlige Aussteller, fantastische Cosplays und Merchandise, wohin das Auge reicht. &nbsp; Am 18. &amp; 19. November war die Vienna Comic Con 2023 in der Messe Wien und wir [&hellip;]<\/p>\n","protected":false},"author":2,"featured_media":6036,"comment_status":"open","ping_status":"open","sticky":false,"template":"","format":"standard","meta":{"_acf_changed":false,"jetpack_post_was_ever_published":false,"_jetpack_newsletter_access":"","_jetpack_dont_email_post_to_subs":false,"_jetpack_newsletter_tier_id":0,"_jetpack_memberships_contains_paywalled_content":false,"_jetpack_memberships_contains_paid_content":false,"footnotes":"","jetpack_publicize_message":"","jetpack_publicize_feature_enabled":true,"jetpack_social_post_already_shared":true,"jetpack_social_options":{"image_generator_settings":{"template":"highway","default_image_id":0,"font":"","enabled":false},"version":2},"_wpas_customize_per_network":false},"categories":[40],"tags":[102,423,118,316,119,155],"class_list":["post-6005","post","type-post","status-publish","format-standard","has-post-thumbnail","hentry","category-events-veranstaltungen","tag-cosplay","tag-messe-wien","tag-viecc","tag-vienna","tag-vienna-comic-con","tag-wien"],"acf":[],"yoast_head":"<!-- This site is optimized with the Yoast SEO plugin v27.4 - https:\/\/yoast.com\/product\/yoast-seo-wordpress\/ -->\n<title>Vienna Comic Con 2023 - VIECC Messe Wien - muats drawig<\/title>\n<meta name=\"description\" content=\"Das war die Vienna Comic Con 2023. Stars und K\u00fcnstler jeder Art, fantastische Cosplays und Merchandise, wohin das Auge reicht.\" \/>\n<meta name=\"robots\" content=\"index, follow, max-snippet:-1, max-image-preview:large, max-video-preview:-1\" \/>\n<link rel=\"canonical\" href=\"https:\/\/www.muatsdrawig.at\/en\/vienna-comic-con-2023-viecc-trade-fair-vienna\/\" \/>\n<meta property=\"og:locale\" content=\"en_GB\" \/>\n<meta property=\"og:type\" content=\"article\" \/>\n<meta property=\"og:title\" content=\"Vienna Comic Con 2023 - VIECC Messe Wien - muats drawig\" \/>\n<meta property=\"og:description\" content=\"Das war die Vienna Comic Con 2023. Stars und K\u00fcnstler jeder Art, fantastische Cosplays und Merchandise, wohin das Auge reicht.\" \/>\n<meta property=\"og:url\" content=\"https:\/\/www.muatsdrawig.at\/en\/vienna-comic-con-2023-viecc-trade-fair-vienna\/\" \/>\n<meta property=\"og:site_name\" content=\"muats drawig\" \/>\n<meta property=\"article:published_time\" content=\"2023-11-23T05:30:33+00:00\" \/>\n<meta property=\"article:modified_time\" content=\"2026-01-01T22:16:30+00:00\" \/>\n<meta property=\"og:image\" content=\"https:\/\/www.muatsdrawig.at\/wp-content\/uploads\/2023\/11\/DSC_3476-topaz-enhance-2.1x-faceai-sharpen.jpg\" \/>\n\t<meta property=\"og:image:width\" content=\"2048\" \/>\n\t<meta property=\"og:image:height\" content=\"1365\" \/>\n\t<meta property=\"og:image:type\" content=\"image\/jpeg\" \/>\n<meta name=\"author\" content=\"Michael\" \/>\n<meta name=\"twitter:card\" content=\"summary_large_image\" \/>\n<meta name=\"twitter:label1\" content=\"Written by\" \/>\n\t<meta name=\"twitter:data1\" content=\"Michael\" \/>\n\t<meta name=\"twitter:label2\" content=\"Estimated reading time\" \/>\n\t<meta name=\"twitter:data2\" content=\"9 minutes\" \/>\n<script type=\"application\/ld+json\" class=\"yoast-schema-graph\">{\"@context\":\"https:\\\/\\\/schema.org\",\"@graph\":[{\"@type\":\"Article\",\"@id\":\"https:\\\/\\\/www.muatsdrawig.at\\\/vienna-comic-con-2023-viecc-messe-wien#article\",\"isPartOf\":{\"@id\":\"https:\\\/\\\/www.muatsdrawig.at\\\/vienna-comic-con-2023-viecc-messe-wien\"},\"author\":{\"name\":\"Michael\",\"@id\":\"https:\\\/\\\/www.muatsdrawig.at\\\/#\\\/schema\\\/person\\\/6a5fe4ce4a9cf4b4a74391ead8d9302e\"},\"headline\":\"Vienna Comic Con 2023 &#8211; VIECC Messe Wien\",\"datePublished\":\"2023-11-23T05:30:33+00:00\",\"dateModified\":\"2026-01-01T22:16:30+00:00\",\"mainEntityOfPage\":{\"@id\":\"https:\\\/\\\/www.muatsdrawig.at\\\/vienna-comic-con-2023-viecc-messe-wien\"},\"wordCount\":1565,\"commentCount\":0,\"publisher\":{\"@id\":\"https:\\\/\\\/www.muatsdrawig.at\\\/#organization\"},\"image\":{\"@id\":\"https:\\\/\\\/www.muatsdrawig.at\\\/vienna-comic-con-2023-viecc-messe-wien#primaryimage\"},\"thumbnailUrl\":\"https:\\\/\\\/i0.wp.com\\\/www.muatsdrawig.at\\\/wp-content\\\/uploads\\\/2023\\\/11\\\/DSC_3476-topaz-enhance-2.1x-faceai-sharpen.jpg?fit=2048%2C1365&ssl=1\",\"keywords\":[\"Cosplay\",\"messe wien\",\"viecc\",\"vienna\",\"vienna comic con\",\"wien\"],\"articleSection\":[\"Events &amp; Veranstaltungen\"],\"inLanguage\":\"en-GB\",\"potentialAction\":[{\"@type\":\"CommentAction\",\"name\":\"Comment\",\"target\":[\"https:\\\/\\\/www.muatsdrawig.at\\\/vienna-comic-con-2023-viecc-messe-wien#respond\"]}]},{\"@type\":\"WebPage\",\"@id\":\"https:\\\/\\\/www.muatsdrawig.at\\\/vienna-comic-con-2023-viecc-messe-wien\",\"url\":\"https:\\\/\\\/www.muatsdrawig.at\\\/vienna-comic-con-2023-viecc-messe-wien\",\"name\":\"Vienna Comic Con 2023 - VIECC Messe Wien - muats drawig\",\"isPartOf\":{\"@id\":\"https:\\\/\\\/www.muatsdrawig.at\\\/#website\"},\"primaryImageOfPage\":{\"@id\":\"https:\\\/\\\/www.muatsdrawig.at\\\/vienna-comic-con-2023-viecc-messe-wien#primaryimage\"},\"image\":{\"@id\":\"https:\\\/\\\/www.muatsdrawig.at\\\/vienna-comic-con-2023-viecc-messe-wien#primaryimage\"},\"thumbnailUrl\":\"https:\\\/\\\/i0.wp.com\\\/www.muatsdrawig.at\\\/wp-content\\\/uploads\\\/2023\\\/11\\\/DSC_3476-topaz-enhance-2.1x-faceai-sharpen.jpg?fit=2048%2C1365&ssl=1\",\"datePublished\":\"2023-11-23T05:30:33+00:00\",\"dateModified\":\"2026-01-01T22:16:30+00:00\",\"description\":\"Das war die Vienna Comic Con 2023. Stars und K\u00fcnstler jeder Art, fantastische Cosplays und Merchandise, wohin das Auge reicht.\",\"breadcrumb\":{\"@id\":\"https:\\\/\\\/www.muatsdrawig.at\\\/vienna-comic-con-2023-viecc-messe-wien#breadcrumb\"},\"inLanguage\":\"en-GB\",\"potentialAction\":[{\"@type\":\"ReadAction\",\"target\":[\"https:\\\/\\\/www.muatsdrawig.at\\\/vienna-comic-con-2023-viecc-messe-wien\"]}]},{\"@type\":\"ImageObject\",\"inLanguage\":\"en-GB\",\"@id\":\"https:\\\/\\\/www.muatsdrawig.at\\\/vienna-comic-con-2023-viecc-messe-wien#primaryimage\",\"url\":\"https:\\\/\\\/i0.wp.com\\\/www.muatsdrawig.at\\\/wp-content\\\/uploads\\\/2023\\\/11\\\/DSC_3476-topaz-enhance-2.1x-faceai-sharpen.jpg?fit=2048%2C1365&ssl=1\",\"contentUrl\":\"https:\\\/\\\/i0.wp.com\\\/www.muatsdrawig.at\\\/wp-content\\\/uploads\\\/2023\\\/11\\\/DSC_3476-topaz-enhance-2.1x-faceai-sharpen.jpg?fit=2048%2C1365&ssl=1\",\"width\":2048,\"height\":1365},{\"@type\":\"BreadcrumbList\",\"@id\":\"https:\\\/\\\/www.muatsdrawig.at\\\/vienna-comic-con-2023-viecc-messe-wien#breadcrumb\",\"itemListElement\":[{\"@type\":\"ListItem\",\"position\":1,\"name\":\"Startseite\",\"item\":\"https:\\\/\\\/www.muatsdrawig.at\\\/\"},{\"@type\":\"ListItem\",\"position\":2,\"name\":\"Vienna Comic Con 2023 &#8211; VIECC Messe Wien\"}]},{\"@type\":\"WebSite\",\"@id\":\"https:\\\/\\\/www.muatsdrawig.at\\\/#website\",\"url\":\"https:\\\/\\\/www.muatsdrawig.at\\\/\",\"name\":\"muats drawig\",\"description\":\"Dein Freizeitblog f\u00fcr Ausflugstipps und vegane Vielfalt in \u00d6sterreich\",\"publisher\":{\"@id\":\"https:\\\/\\\/www.muatsdrawig.at\\\/#organization\"},\"potentialAction\":[{\"@type\":\"SearchAction\",\"target\":{\"@type\":\"EntryPoint\",\"urlTemplate\":\"https:\\\/\\\/www.muatsdrawig.at\\\/?s={search_term_string}\"},\"query-input\":{\"@type\":\"PropertyValueSpecification\",\"valueRequired\":true,\"valueName\":\"search_term_string\"}}],\"inLanguage\":\"en-GB\"},{\"@type\":\"Organization\",\"@id\":\"https:\\\/\\\/www.muatsdrawig.at\\\/#organization\",\"name\":\"muats drawig\",\"url\":\"https:\\\/\\\/www.muatsdrawig.at\\\/\",\"logo\":{\"@type\":\"ImageObject\",\"inLanguage\":\"en-GB\",\"@id\":\"https:\\\/\\\/www.muatsdrawig.at\\\/#\\\/schema\\\/logo\\\/image\\\/\",\"url\":\"https:\\\/\\\/i0.wp.com\\\/www.muatsdrawig.at\\\/wp-content\\\/uploads\\\/2022\\\/08\\\/Logo-quer-transparent-header.png?fit=2467%2C724&ssl=1\",\"contentUrl\":\"https:\\\/\\\/i0.wp.com\\\/www.muatsdrawig.at\\\/wp-content\\\/uploads\\\/2022\\\/08\\\/Logo-quer-transparent-header.png?fit=2467%2C724&ssl=1\",\"width\":2467,\"height\":724,\"caption\":\"muats drawig\"},\"image\":{\"@id\":\"https:\\\/\\\/www.muatsdrawig.at\\\/#\\\/schema\\\/logo\\\/image\\\/\"}},{\"@type\":\"Person\",\"@id\":\"https:\\\/\\\/www.muatsdrawig.at\\\/#\\\/schema\\\/person\\\/6a5fe4ce4a9cf4b4a74391ead8d9302e\",\"name\":\"Michael\",\"image\":{\"@type\":\"ImageObject\",\"inLanguage\":\"en-GB\",\"@id\":\"https:\\\/\\\/secure.gravatar.com\\\/avatar\\\/2d4915e2fe68cbc60fe066a74be2cf383493e7aa6e7d17db9e71223d3030f3f2?s=96&d=mm&r=g\",\"url\":\"https:\\\/\\\/secure.gravatar.com\\\/avatar\\\/2d4915e2fe68cbc60fe066a74be2cf383493e7aa6e7d17db9e71223d3030f3f2?s=96&d=mm&r=g\",\"contentUrl\":\"https:\\\/\\\/secure.gravatar.com\\\/avatar\\\/2d4915e2fe68cbc60fe066a74be2cf383493e7aa6e7d17db9e71223d3030f3f2?s=96&d=mm&r=g\",\"caption\":\"Michael\"},\"description\":\"Michael ist ein begabter Hobby-Fotograf, Vollblut Hundepapa und hat eine Vorliebe zu gest\u00f6rten Aktionen. Trips von Salzburg nach Jesolo mit \u00fcber 4000 H\u00f6henmeter mit dem Fahrrad sind f\u00fcr ihn ein Sonntagsausflug.\",\"sameAs\":[\"https:\\\/\\\/www.instagram.com\\\/x_wish.pics_x\\\/\"],\"url\":\"https:\\\/\\\/www.muatsdrawig.at\\\/en\\\/author\\\/wishpics\"}]}<\/script>\n<!-- \/ Yoast SEO plugin. -->","yoast_head_json":{"title":"Vienna Comic Con 2023 - VIECC Messe Wien - muats drawig","description":"That was Vienna Comic Con 2023: stars and artists of all kinds, fantastic cosplays and merchandise as far as the eye can see.","robots":{"index":"index","follow":"follow","max-snippet":"max-snippet:-1","max-image-preview":"max-image-preview:large","max-video-preview":"max-video-preview:-1"},"canonical":"https:\/\/www.muatsdrawig.at\/en\/vienna-comic-con-2023-viecc-trade-fair-vienna\/","og_locale":"en_GB","og_type":"article","og_title":"Vienna Comic Con 2023 - VIECC Messe Wien - muats drawig","og_description":"Das war die Vienna Comic Con 2023. Stars und K\u00fcnstler jeder Art, fantastische Cosplays und Merchandise, wohin das Auge reicht.","og_url":"https:\/\/www.muatsdrawig.at\/en\/vienna-comic-con-2023-viecc-trade-fair-vienna\/","og_site_name":"muats drawig","article_published_time":"2023-11-23T05:30:33+00:00","article_modified_time":"2026-01-01T22:16:30+00:00","og_image":[{"width":2048,"height":1365,"url":"https:\/\/www.muatsdrawig.at\/wp-content\/uploads\/2023\/11\/DSC_3476-topaz-enhance-2.1x-faceai-sharpen.jpg","type":"image\/jpeg"}],"author":"Michael","twitter_card":"summary_large_image","twitter_misc":{"Written by":"Michael","Estimated reading time":"9 minutes"},"schema":{"@context":"https:\/\/schema.org","@graph":[{"@type":"Article","@id":"https:\/\/www.muatsdrawig.at\/vienna-comic-con-2023-viecc-messe-wien#article","isPartOf":{"@id":"https:\/\/www.muatsdrawig.at\/vienna-comic-con-2023-viecc-messe-wien"},"author":{"name":"Michael","@id":"https:\/\/www.muatsdrawig.at\/#\/schema\/person\/6a5fe4ce4a9cf4b4a74391ead8d9302e"},"headline":"Vienna Comic Con 2023 &#8211; VIECC Messe Wien","datePublished":"2023-11-23T05:30:33+00:00","dateModified":"2026-01-01T22:16:30+00:00","mainEntityOfPage":{"@id":"https:\/\/www.muatsdrawig.at\/vienna-comic-con-2023-viecc-messe-wien"},"wordCount":1565,"commentCount":0,"publisher":{"@id":"https:\/\/www.muatsdrawig.at\/#organization"},"image":{"@id":"https:\/\/www.muatsdrawig.at\/vienna-comic-con-2023-viecc-messe-wien#primaryimage"},"thumbnailUrl":"https:\/\/i0.wp.com\/www.muatsdrawig.at\/wp-content\/uploads\/2023\/11\/DSC_3476-topaz-enhance-2.1x-faceai-sharpen.jpg?fit=2048%2C1365&ssl=1","keywords":["Cosplay","messe wien","viecc","vienna","vienna comic con","wien"],"articleSection":["Events &amp; Veranstaltungen"],"inLanguage":"en-GB","potentialAction":[{"@type":"CommentAction","name":"Comment","target":["https:\/\/www.muatsdrawig.at\/vienna-comic-con-2023-viecc-messe-wien#respond"]}]},{"@type":"WebPage","@id":"https:\/\/www.muatsdrawig.at\/vienna-comic-con-2023-viecc-messe-wien","url":"https:\/\/www.muatsdrawig.at\/vienna-comic-con-2023-viecc-messe-wien","name":"Vienna Comic Con 2023 - VIECC Messe Wien - muats drawig","isPartOf":{"@id":"https:\/\/www.muatsdrawig.at\/#website"},"primaryImageOfPage":{"@id":"https:\/\/www.muatsdrawig.at\/vienna-comic-con-2023-viecc-messe-wien#primaryimage"},"image":{"@id":"https:\/\/www.muatsdrawig.at\/vienna-comic-con-2023-viecc-messe-wien#primaryimage"},"thumbnailUrl":"https:\/\/i0.wp.com\/www.muatsdrawig.at\/wp-content\/uploads\/2023\/11\/DSC_3476-topaz-enhance-2.1x-faceai-sharpen.jpg?fit=2048%2C1365&ssl=1","datePublished":"2023-11-23T05:30:33+00:00","dateModified":"2026-01-01T22:16:30+00:00","description":"That was Vienna Comic Con 2023: stars and artists of all kinds, fantastic cosplays and merchandise as far as the eye can see.","breadcrumb":{"@id":"https:\/\/www.muatsdrawig.at\/vienna-comic-con-2023-viecc-messe-wien#breadcrumb"},"inLanguage":"en-GB","potentialAction":[{"@type":"ReadAction","target":["https:\/\/www.muatsdrawig.at\/vienna-comic-con-2023-viecc-messe-wien"]}]},{"@type":"ImageObject","inLanguage":"en-GB","@id":"https:\/\/www.muatsdrawig.at\/vienna-comic-con-2023-viecc-messe-wien#primaryimage","url":"https:\/\/i0.wp.com\/www.muatsdrawig.at\/wp-content\/uploads\/2023\/11\/DSC_3476-topaz-enhance-2.1x-faceai-sharpen.jpg?fit=2048%2C1365&ssl=1","contentUrl":"https:\/\/i0.wp.com\/www.muatsdrawig.at\/wp-content\/uploads\/2023\/11\/DSC_3476-topaz-enhance-2.1x-faceai-sharpen.jpg?fit=2048%2C1365&ssl=1","width":2048,"height":1365},{"@type":"BreadcrumbList","@id":"https:\/\/www.muatsdrawig.at\/vienna-comic-con-2023-viecc-messe-wien#breadcrumb","itemListElement":[{"@type":"ListItem","position":1,"name":"Startseite","item":"https:\/\/www.muatsdrawig.at\/"},{"@type":"ListItem","position":2,"name":"Vienna Comic Con 2023 &#8211; VIECC Messe Wien"}]},{"@type":"WebSite","@id":"https:\/\/www.muatsdrawig.at\/#website","url":"https:\/\/www.muatsdrawig.at\/","name":"muats drawig","description":"Your leisure blog for excursion tips and vegan diversity in Austria","publisher":{"@id":"https:\/\/www.muatsdrawig.at\/#organization"},"potentialAction":[{"@type":"SearchAction","target":{"@type":"EntryPoint","urlTemplate":"https:\/\/www.muatsdrawig.at\/?s={search_term_string}"},"query-input":{"@type":"PropertyValueSpecification","valueRequired":true,"valueName":"search_term_string"}}],"inLanguage":"en-GB"},{"@type":"Organization","@id":"https:\/\/www.muatsdrawig.at\/#organization","name":"muats drawig","url":"https:\/\/www.muatsdrawig.at\/","logo":{"@type":"ImageObject","inLanguage":"en-GB","@id":"https:\/\/www.muatsdrawig.at\/#\/schema\/logo\/image\/","url":"https:\/\/i0.wp.com\/www.muatsdrawig.at\/wp-content\/uploads\/2022\/08\/Logo-quer-transparent-header.png?fit=2467%2C724&ssl=1","contentUrl":"https:\/\/i0.wp.com\/www.muatsdrawig.at\/wp-content\/uploads\/2022\/08\/Logo-quer-transparent-header.png?fit=2467%2C724&ssl=1","width":2467,"height":724,"caption":"muats drawig"},"image":{"@id":"https:\/\/www.muatsdrawig.at\/#\/schema\/logo\/image\/"}},{"@type":"Person","@id":"https:\/\/www.muatsdrawig.at\/#\/schema\/person\/6a5fe4ce4a9cf4b4a74391ead8d9302e","name":"Michael","image":{"@type":"ImageObject","inLanguage":"en-GB","@id":"https:\/\/secure.gravatar.com\/avatar\/2d4915e2fe68cbc60fe066a74be2cf383493e7aa6e7d17db9e71223d3030f3f2?s=96&d=mm&r=g","url":"https:\/\/secure.gravatar.com\/avatar\/2d4915e2fe68cbc60fe066a74be2cf383493e7aa6e7d17db9e71223d3030f3f2?s=96&d=mm&r=g","contentUrl":"https:\/\/secure.gravatar.com\/avatar\/2d4915e2fe68cbc60fe066a74be2cf383493e7aa6e7d17db9e71223d3030f3f2?s=96&d=mm&r=g","caption":"Michael"},"description":"Michael is a talented amateur photographer, a thoroughbred dog dad and has a penchant for disruptive action. Trips from Salzburg to Jesolo with over 4000 metres in altitude by bike are a Sunday outing for him.","sameAs":["https:\/\/www.instagram.com\/x_wish.pics_x\/"],"url":"https:\/\/www.muatsdrawig.at\/en\/author\/wishpics"}]}},"jetpack_publicize_connections":[],"jetpack_featured_media_url":"https:\/\/i0.wp.com\/www.muatsdrawig.at\/wp-content\/uploads\/2023\/11\/DSC_3476-topaz-enhance-2.1x-faceai-sharpen.jpg?fit=2048%2C1365&ssl=1","jetpack_sharing_enabled":true,"jetpack_likes_enabled":true,"_links":{"self":[{"href":"https:\/\/www.muatsdrawig.at\/en\/wp-json\/wp\/v2\/posts\/6005","targetHints":{"allow":["GET"]}}],"collection":[{"href":"https:\/\/www.muatsdrawig.at\/en\/wp-json\/wp\/v2\/posts"}],"about":[{"href":"https:\/\/www.muatsdrawig.at\/en\/wp-json\/wp\/v2\/types\/post"}],"author":[{"embeddable":true,"href":"https:\/\/www.muatsdrawig.at\/en\/wp-json\/wp\/v2\/users\/2"}],"replies":[{"embeddable":true,"href":"https:\/\/www.muatsdrawig.at\/en\/wp-json\/wp\/v2\/comments?post=6005"}],"version-history":[{"count":24,"href":"https:\/\/www.muatsdrawig.at\/en\/wp-json\/wp\/v2\/posts\/6005\/revisions"}],"predecessor-version":[{"id":7878,"href":"https:\/\/www.muatsdrawig.at\/en\/wp-json\/wp\/v2\/posts\/6005\/revisions\/7878"}],"wp:featuredmedia":[{"embeddable":true,"href":"https:\/\/www.muatsdrawig.at\/en\/wp-json\/wp\/v2\/media\/6036"}],"wp:attachment":[{"href":"https:\/\/www.muatsdrawig.at\/en\/wp-json\/wp\/v2\/media?parent=6005"}],"wp:term":[{"taxonomy":"category","embeddable":true,"href":"https:\/\/www.muatsdrawig.at\/en\/wp-json\/wp\/v2\/categories?post=6005"},{"taxonomy":"post_tag","embeddable":true,"href":"https:\/\/www.muatsdrawig.at\/en\/wp-json\/wp\/v2\/tags?post=6005"}],"curies":[{"name":"wp","href":"https:\/\/api.w.org\/{rel}","templated":true}]}}