{"id":5665,"date":"2023-09-23T06:00:13","date_gmt":"2023-09-23T04:00:13","guid":{"rendered":"https:\/\/www.muatsdrawig.at\/?p=5665"},"modified":"2024-01-11T21:26:44","modified_gmt":"2024-01-11T20:26:44","slug":"the-vienna-photomarathon-2023","status":"publish","type":"post","link":"https:\/\/www.muatsdrawig.at\/en\/der-wiener-fotomarathon-2023","title":{"rendered":"The Vienna Fotomarathon 2023"},"content":{"rendered":"<h2 class=\"p1\"><span class=\"s1\">12 topics in 12 hours, that was the Vienna Photo Marathon 2023. At 09:00 in the morning you get 12 topics that have to be completed by 21:00.<\/span><\/h2>\n<p class=\"p1\"><span class=\"s1\">On 16.09 this year the <a href=\"https:\/\/www.fotomarathon.at\/\" target=\"_blank\" rel=\"noopener\">Vienna Photo Marathon 2023<\/a> takes place. 12 subjects + a photo for your start number must be photographed in 12 hours. Since 2020, you can take part from anywhere, upload your photos at the end of the day using an upload code and send them off. A huge advantage for me, it not only makes it easier, but it's also much more interesting if you can choose where to take the photos. I'd like to tell you what it was like for me this year, what the themes were and how I felt about them in this article.<\/span><\/p>\n<h3 class=\"p1\"><span class=\"s1\">How did I approach the Vienna Fotomarathon 2023?<\/span><\/h3>\n<p class=\"p1\">It was my fourth Vienna Fotomarathon and with every year I learn more, prepare better and take a calmer approach to the whole thing. Looking back: 2020 was my first competition, I didn't know what to expect, was completely stressed out and just started taking photos - 2021, the preparation was better, I put a few things together in advance, packed my photo studio and the stress level wasn't quite as high - 2022 everything was prepared, brainstorming and collecting ideas until 10:00 a.m. and then started. But what could I improve on, how could I prepare even better for this day? The plan for this year was the same as in previous years, with the difference that I thought of a great location with the help of Eli and Jasmin and photographed the themes as best I could in the same style.&nbsp;<\/p>\n<p>Start at 09:00 and off we went to Steyr, trying to realise the tasks in the style of street photography. Of course, I'm still an amateur photographer and not everything worked out as I had imagined. A few subjects made my brain cells smoke. There were also ideas that just didn't look good when realised and I had to spontaneously change my plan. All in all, I'm very happy with my performance and the photos and of course I hope to beat my personal best ranking this year. But just take a look for yourself at the following topics with my corresponding photos (unedited, just as they had to be submitted) and a little comment - I would be very happy to receive feedback on the photos, because that's the only way I can learn from my mistakes.<\/p>\n<h3 class=\"p1\"><span class=\"s1\">Here are the topics for the Vienna Fotomarathon 2023<\/span><\/h3>\n<h4>&nbsp;<\/h4>\n<h4 class=\"p1\"><span class=\"s1\">0) Start number (can be made before the start)<\/span><\/h4>\n<p><img data-recalc-dims=\"1\" fetchpriority=\"high\" decoding=\"async\" class=\"alignnone wp-image-5679\" src=\"https:\/\/i0.wp.com\/www.muatsdrawig.at\/wp-content\/uploads\/2023\/09\/WienerFotomarathon_13.jpg?resize=350%2C233&#038;ssl=1\" alt=\"\" width=\"350\" height=\"233\" srcset=\"https:\/\/i0.wp.com\/www.muatsdrawig.at\/wp-content\/uploads\/2023\/09\/WienerFotomarathon_13.jpg?w=2048&amp;ssl=1 2048w, https:\/\/i0.wp.com\/www.muatsdrawig.at\/wp-content\/uploads\/2023\/09\/WienerFotomarathon_13.jpg?resize=300%2C200&amp;ssl=1 300w, https:\/\/i0.wp.com\/www.muatsdrawig.at\/wp-content\/uploads\/2023\/09\/WienerFotomarathon_13.jpg?resize=1024%2C683&amp;ssl=1 1024w, https:\/\/i0.wp.com\/www.muatsdrawig.at\/wp-content\/uploads\/2023\/09\/WienerFotomarathon_13.jpg?resize=768%2C512&amp;ssl=1 768w, https:\/\/i0.wp.com\/www.muatsdrawig.at\/wp-content\/uploads\/2023\/09\/WienerFotomarathon_13.jpg?resize=1536%2C1024&amp;ssl=1 1536w\" sizes=\"(max-width: 350px) 100vw, 350px\" \/><\/p>\n<p>Created and sighted completely by chance - kilometre 13<\/p>\n<h4 class=\"p1\"><span class=\"s1\">1) Planless<\/span><\/h4>\n<p><img data-recalc-dims=\"1\" decoding=\"async\" class=\"alignnone wp-image-5667\" src=\"https:\/\/i0.wp.com\/www.muatsdrawig.at\/wp-content\/uploads\/2023\/09\/WienerFotomarathon_01.jpg?resize=233%2C350&#038;ssl=1\" alt=\"\" width=\"233\" height=\"350\" srcset=\"https:\/\/i0.wp.com\/www.muatsdrawig.at\/wp-content\/uploads\/2023\/09\/WienerFotomarathon_01.jpg?w=1365&amp;ssl=1 1365w, https:\/\/i0.wp.com\/www.muatsdrawig.at\/wp-content\/uploads\/2023\/09\/WienerFotomarathon_01.jpg?resize=200%2C300&amp;ssl=1 200w, https:\/\/i0.wp.com\/www.muatsdrawig.at\/wp-content\/uploads\/2023\/09\/WienerFotomarathon_01.jpg?resize=683%2C1024&amp;ssl=1 683w, https:\/\/i0.wp.com\/www.muatsdrawig.at\/wp-content\/uploads\/2023\/09\/WienerFotomarathon_01.jpg?resize=768%2C1152&amp;ssl=1 768w, https:\/\/i0.wp.com\/www.muatsdrawig.at\/wp-content\/uploads\/2023\/09\/WienerFotomarathon_01.jpg?resize=1024%2C1536&amp;ssl=1 1024w\" sizes=\"(max-width: 233px) 100vw, 233px\" \/><\/p>\n<p>One of my top 3 pictures - I like the somewhat dark and gloomy style and in focus the lightened straw hat.<\/p>\n<h4 class=\"p1\"><span class=\"s1\">2) Anniversary<\/span><\/h4>\n<p><img data-recalc-dims=\"1\" decoding=\"async\" class=\"alignnone wp-image-5668\" src=\"https:\/\/i0.wp.com\/www.muatsdrawig.at\/wp-content\/uploads\/2023\/09\/WienerFotomarathon_02.jpg?resize=233%2C350&#038;ssl=1\" alt=\"\" width=\"233\" height=\"350\" srcset=\"https:\/\/i0.wp.com\/www.muatsdrawig.at\/wp-content\/uploads\/2023\/09\/WienerFotomarathon_02.jpg?w=1365&amp;ssl=1 1365w, https:\/\/i0.wp.com\/www.muatsdrawig.at\/wp-content\/uploads\/2023\/09\/WienerFotomarathon_02.jpg?resize=200%2C300&amp;ssl=1 200w, https:\/\/i0.wp.com\/www.muatsdrawig.at\/wp-content\/uploads\/2023\/09\/WienerFotomarathon_02.jpg?resize=683%2C1024&amp;ssl=1 683w, https:\/\/i0.wp.com\/www.muatsdrawig.at\/wp-content\/uploads\/2023\/09\/WienerFotomarathon_02.jpg?resize=768%2C1152&amp;ssl=1 768w, https:\/\/i0.wp.com\/www.muatsdrawig.at\/wp-content\/uploads\/2023\/09\/WienerFotomarathon_02.jpg?resize=1024%2C1536&amp;ssl=1 1024w\" sizes=\"(max-width: 233px) 100vw, 233px\" \/><\/p>\n<p>I think the photo is photographically very successful, but I had absolutely no idea about this task and wasted a lot of time on it - therefore not my favourite shots from this competition.<\/p>\n<h4 class=\"p1\"><span class=\"s1\">3) full of holes<\/span><\/h4>\n<p><img data-recalc-dims=\"1\" loading=\"lazy\" decoding=\"async\" class=\"alignnone wp-image-5669\" src=\"https:\/\/i0.wp.com\/www.muatsdrawig.at\/wp-content\/uploads\/2023\/09\/WienerFotomarathon_03.jpg?resize=233%2C350&#038;ssl=1\" alt=\"\" width=\"233\" height=\"350\" srcset=\"https:\/\/i0.wp.com\/www.muatsdrawig.at\/wp-content\/uploads\/2023\/09\/WienerFotomarathon_03.jpg?w=1365&amp;ssl=1 1365w, https:\/\/i0.wp.com\/www.muatsdrawig.at\/wp-content\/uploads\/2023\/09\/WienerFotomarathon_03.jpg?resize=200%2C300&amp;ssl=1 200w, https:\/\/i0.wp.com\/www.muatsdrawig.at\/wp-content\/uploads\/2023\/09\/WienerFotomarathon_03.jpg?resize=683%2C1024&amp;ssl=1 683w, https:\/\/i0.wp.com\/www.muatsdrawig.at\/wp-content\/uploads\/2023\/09\/WienerFotomarathon_03.jpg?resize=768%2C1152&amp;ssl=1 768w, https:\/\/i0.wp.com\/www.muatsdrawig.at\/wp-content\/uploads\/2023\/09\/WienerFotomarathon_03.jpg?resize=1024%2C1536&amp;ssl=1 1024w\" sizes=\"(max-width: 233px) 100vw, 233px\" \/><\/p>\n<p>The second of my top 3 - was a really funny moment. Standing in a dark alley wearing a mesh T-shirt that was far too tight and taking a photo.&nbsp;<\/p>\n<h4 class=\"p1\"><span class=\"s1\">4) Ready.Action<\/span><\/h4>\n<p><img data-recalc-dims=\"1\" loading=\"lazy\" decoding=\"async\" class=\"alignnone wp-image-5670\" src=\"https:\/\/i0.wp.com\/www.muatsdrawig.at\/wp-content\/uploads\/2023\/09\/WienerFotomarathon_04.jpg?resize=350%2C233&#038;ssl=1\" alt=\"\" width=\"350\" height=\"233\" srcset=\"https:\/\/i0.wp.com\/www.muatsdrawig.at\/wp-content\/uploads\/2023\/09\/WienerFotomarathon_04.jpg?w=2048&amp;ssl=1 2048w, https:\/\/i0.wp.com\/www.muatsdrawig.at\/wp-content\/uploads\/2023\/09\/WienerFotomarathon_04.jpg?resize=300%2C200&amp;ssl=1 300w, https:\/\/i0.wp.com\/www.muatsdrawig.at\/wp-content\/uploads\/2023\/09\/WienerFotomarathon_04.jpg?resize=1024%2C683&amp;ssl=1 1024w, https:\/\/i0.wp.com\/www.muatsdrawig.at\/wp-content\/uploads\/2023\/09\/WienerFotomarathon_04.jpg?resize=768%2C512&amp;ssl=1 768w, https:\/\/i0.wp.com\/www.muatsdrawig.at\/wp-content\/uploads\/2023\/09\/WienerFotomarathon_04.jpg?resize=1536%2C1024&amp;ssl=1 1536w\" sizes=\"(max-width: 350px) 100vw, 350px\" \/><\/p>\n<p>Here, too, I think the photo is very successful, but the idea for the theme could be improved. What always bothers me in retrospect is that I always forget to take photos in black and white - would certainly have done this picture good.&nbsp;<\/p>\n<h4 class=\"p1\"><span class=\"s1\">5) in secret<\/span><\/h4>\n<p><img data-recalc-dims=\"1\" loading=\"lazy\" decoding=\"async\" class=\"alignnone wp-image-5671\" src=\"https:\/\/i0.wp.com\/www.muatsdrawig.at\/wp-content\/uploads\/2023\/09\/WienerFotomarathon_05.jpg?resize=233%2C350&#038;ssl=1\" alt=\"\" width=\"233\" height=\"350\" srcset=\"https:\/\/i0.wp.com\/www.muatsdrawig.at\/wp-content\/uploads\/2023\/09\/WienerFotomarathon_05.jpg?w=1365&amp;ssl=1 1365w, https:\/\/i0.wp.com\/www.muatsdrawig.at\/wp-content\/uploads\/2023\/09\/WienerFotomarathon_05.jpg?resize=200%2C300&amp;ssl=1 200w, https:\/\/i0.wp.com\/www.muatsdrawig.at\/wp-content\/uploads\/2023\/09\/WienerFotomarathon_05.jpg?resize=683%2C1024&amp;ssl=1 683w, https:\/\/i0.wp.com\/www.muatsdrawig.at\/wp-content\/uploads\/2023\/09\/WienerFotomarathon_05.jpg?resize=768%2C1152&amp;ssl=1 768w, https:\/\/i0.wp.com\/www.muatsdrawig.at\/wp-content\/uploads\/2023\/09\/WienerFotomarathon_05.jpg?resize=1024%2C1536&amp;ssl=1 1024w\" sizes=\"(max-width: 233px) 100vw, 233px\" \/><\/p>\n<p>The last of my top 3 - I really like the idea and the photo is mega. Of course, there is certainly something else for many people to expose, but I would have these three photos printed out immediately and hang them up at home.<\/p>\n<h4 class=\"p1\"><span class=\"s1\">6) Contrast(s)<\/span><\/h4>\n<p><img data-recalc-dims=\"1\" loading=\"lazy\" decoding=\"async\" class=\"alignnone wp-image-5672\" src=\"https:\/\/i0.wp.com\/www.muatsdrawig.at\/wp-content\/uploads\/2023\/09\/WienerFotomarathon_06.jpg?resize=233%2C350&#038;ssl=1\" alt=\"\" width=\"233\" height=\"350\" srcset=\"https:\/\/i0.wp.com\/www.muatsdrawig.at\/wp-content\/uploads\/2023\/09\/WienerFotomarathon_06.jpg?w=1365&amp;ssl=1 1365w, https:\/\/i0.wp.com\/www.muatsdrawig.at\/wp-content\/uploads\/2023\/09\/WienerFotomarathon_06.jpg?resize=200%2C300&amp;ssl=1 200w, https:\/\/i0.wp.com\/www.muatsdrawig.at\/wp-content\/uploads\/2023\/09\/WienerFotomarathon_06.jpg?resize=683%2C1024&amp;ssl=1 683w, https:\/\/i0.wp.com\/www.muatsdrawig.at\/wp-content\/uploads\/2023\/09\/WienerFotomarathon_06.jpg?resize=768%2C1152&amp;ssl=1 768w, https:\/\/i0.wp.com\/www.muatsdrawig.at\/wp-content\/uploads\/2023\/09\/WienerFotomarathon_06.jpg?resize=1024%2C1536&amp;ssl=1 1024w\" sizes=\"(max-width: 233px) 100vw, 233px\" \/><\/p>\n<p>I also like it very much. Contrast of black and white - light and dark - wall and nature.<\/p>\n<h4 class=\"p1\"><span class=\"s1\">7) self-built<\/span><\/h4>\n<p><img data-recalc-dims=\"1\" loading=\"lazy\" decoding=\"async\" class=\"alignnone wp-image-5673\" src=\"https:\/\/i0.wp.com\/www.muatsdrawig.at\/wp-content\/uploads\/2023\/09\/WienerFotomarathon_07.jpg?resize=350%2C233&#038;ssl=1\" alt=\"\" width=\"350\" height=\"233\" srcset=\"https:\/\/i0.wp.com\/www.muatsdrawig.at\/wp-content\/uploads\/2023\/09\/WienerFotomarathon_07.jpg?w=2048&amp;ssl=1 2048w, https:\/\/i0.wp.com\/www.muatsdrawig.at\/wp-content\/uploads\/2023\/09\/WienerFotomarathon_07.jpg?resize=300%2C200&amp;ssl=1 300w, https:\/\/i0.wp.com\/www.muatsdrawig.at\/wp-content\/uploads\/2023\/09\/WienerFotomarathon_07.jpg?resize=1024%2C683&amp;ssl=1 1024w, https:\/\/i0.wp.com\/www.muatsdrawig.at\/wp-content\/uploads\/2023\/09\/WienerFotomarathon_07.jpg?resize=768%2C512&amp;ssl=1 768w, https:\/\/i0.wp.com\/www.muatsdrawig.at\/wp-content\/uploads\/2023\/09\/WienerFotomarathon_07.jpg?resize=1536%2C1024&amp;ssl=1 1536w\" sizes=\"(max-width: 350px) 100vw, 350px\" \/><\/p>\n<p>I also think it's very successful and a great idea for the theme - the only point of criticism that bothers me a little is that the self-build is a little too small in the photo, although it should be the centre of attention.<\/p>\n<h4 class=\"p1\"><span class=\"s1\">8) Animal(s)<\/span><\/h4>\n<p><img data-recalc-dims=\"1\" loading=\"lazy\" decoding=\"async\" class=\"alignnone wp-image-5674\" src=\"https:\/\/i0.wp.com\/www.muatsdrawig.at\/wp-content\/uploads\/2023\/09\/WienerFotomarathon_08.jpg?resize=233%2C350&#038;ssl=1\" alt=\"\" width=\"233\" height=\"350\" srcset=\"https:\/\/i0.wp.com\/www.muatsdrawig.at\/wp-content\/uploads\/2023\/09\/WienerFotomarathon_08.jpg?w=1365&amp;ssl=1 1365w, https:\/\/i0.wp.com\/www.muatsdrawig.at\/wp-content\/uploads\/2023\/09\/WienerFotomarathon_08.jpg?resize=200%2C300&amp;ssl=1 200w, https:\/\/i0.wp.com\/www.muatsdrawig.at\/wp-content\/uploads\/2023\/09\/WienerFotomarathon_08.jpg?resize=683%2C1024&amp;ssl=1 683w, https:\/\/i0.wp.com\/www.muatsdrawig.at\/wp-content\/uploads\/2023\/09\/WienerFotomarathon_08.jpg?resize=768%2C1152&amp;ssl=1 768w, https:\/\/i0.wp.com\/www.muatsdrawig.at\/wp-content\/uploads\/2023\/09\/WienerFotomarathon_08.jpg?resize=1024%2C1536&amp;ssl=1 1024w\" sizes=\"(max-width: 233px) 100vw, 233px\" \/><\/p>\n<p>Yes, what can I say, of course I think photos of Emma (my dog) are just gorgeous - but whether the idea is convincing or too unimaginative is up to the jury.<\/p>\n<h4 class=\"p1\"><span class=\"s1\">9) arrived<\/span><\/h4>\n<p><img data-recalc-dims=\"1\" loading=\"lazy\" decoding=\"async\" class=\"alignnone wp-image-5678\" src=\"https:\/\/i0.wp.com\/www.muatsdrawig.at\/wp-content\/uploads\/2023\/09\/WienerFotomarathon_12.jpg?resize=233%2C350&#038;ssl=1\" alt=\"\" width=\"233\" height=\"350\" srcset=\"https:\/\/i0.wp.com\/www.muatsdrawig.at\/wp-content\/uploads\/2023\/09\/WienerFotomarathon_12.jpg?w=1365&amp;ssl=1 1365w, https:\/\/i0.wp.com\/www.muatsdrawig.at\/wp-content\/uploads\/2023\/09\/WienerFotomarathon_12.jpg?resize=200%2C300&amp;ssl=1 200w, https:\/\/i0.wp.com\/www.muatsdrawig.at\/wp-content\/uploads\/2023\/09\/WienerFotomarathon_12.jpg?resize=683%2C1024&amp;ssl=1 683w, https:\/\/i0.wp.com\/www.muatsdrawig.at\/wp-content\/uploads\/2023\/09\/WienerFotomarathon_12.jpg?resize=768%2C1152&amp;ssl=1 768w, https:\/\/i0.wp.com\/www.muatsdrawig.at\/wp-content\/uploads\/2023\/09\/WienerFotomarathon_12.jpg?resize=1024%2C1536&amp;ssl=1 1024w\" sizes=\"(max-width: 233px) 100vw, 233px\" \/><\/p>\n<p>I also like it very much, although sometimes I look at it and something doesn't quite fit - but I can't work out what it is.<\/p>\n<h4 class=\"p1\"><span class=\"s1\">10) pointed<\/span><\/h4>\n<p><img data-recalc-dims=\"1\" loading=\"lazy\" decoding=\"async\" class=\"alignnone wp-image-5675\" src=\"https:\/\/i0.wp.com\/www.muatsdrawig.at\/wp-content\/uploads\/2023\/09\/WienerFotomarathon_09.jpg?resize=233%2C350&#038;ssl=1\" alt=\"\" width=\"233\" height=\"350\" srcset=\"https:\/\/i0.wp.com\/www.muatsdrawig.at\/wp-content\/uploads\/2023\/09\/WienerFotomarathon_09.jpg?w=1365&amp;ssl=1 1365w, https:\/\/i0.wp.com\/www.muatsdrawig.at\/wp-content\/uploads\/2023\/09\/WienerFotomarathon_09.jpg?resize=200%2C300&amp;ssl=1 200w, https:\/\/i0.wp.com\/www.muatsdrawig.at\/wp-content\/uploads\/2023\/09\/WienerFotomarathon_09.jpg?resize=683%2C1024&amp;ssl=1 683w, https:\/\/i0.wp.com\/www.muatsdrawig.at\/wp-content\/uploads\/2023\/09\/WienerFotomarathon_09.jpg?resize=768%2C1152&amp;ssl=1 768w, https:\/\/i0.wp.com\/www.muatsdrawig.at\/wp-content\/uploads\/2023\/09\/WienerFotomarathon_09.jpg?resize=1024%2C1536&amp;ssl=1 1024w\" sizes=\"(max-width: 233px) 100vw, 233px\" \/><\/p>\n<p>A pointed fence and an accidental find in the beautiful town of Steyr fit the theme perfectly.<\/p>\n<h4 class=\"p1\"><span class=\"s1\">11) Cohesion<\/span><\/h4>\n<p><img data-recalc-dims=\"1\" loading=\"lazy\" decoding=\"async\" class=\"alignnone wp-image-5676\" src=\"https:\/\/i0.wp.com\/www.muatsdrawig.at\/wp-content\/uploads\/2023\/09\/WienerFotomarathon_10.jpg?resize=233%2C350&#038;ssl=1\" alt=\"\" width=\"233\" height=\"350\" srcset=\"https:\/\/i0.wp.com\/www.muatsdrawig.at\/wp-content\/uploads\/2023\/09\/WienerFotomarathon_10.jpg?w=1365&amp;ssl=1 1365w, https:\/\/i0.wp.com\/www.muatsdrawig.at\/wp-content\/uploads\/2023\/09\/WienerFotomarathon_10.jpg?resize=200%2C300&amp;ssl=1 200w, https:\/\/i0.wp.com\/www.muatsdrawig.at\/wp-content\/uploads\/2023\/09\/WienerFotomarathon_10.jpg?resize=683%2C1024&amp;ssl=1 683w, https:\/\/i0.wp.com\/www.muatsdrawig.at\/wp-content\/uploads\/2023\/09\/WienerFotomarathon_10.jpg?resize=768%2C1152&amp;ssl=1 768w, https:\/\/i0.wp.com\/www.muatsdrawig.at\/wp-content\/uploads\/2023\/09\/WienerFotomarathon_10.jpg?resize=1024%2C1536&amp;ssl=1 1024w\" sizes=\"(max-width: 233px) 100vw, 233px\" \/><\/p>\n<p>Next to the \u201eAnniversary\u201c task, this is my least favourite photo.<\/p>\n<h4 class=\"p1\"><span class=\"s1\">12) lost<\/span><\/h4>\n<p><img data-recalc-dims=\"1\" loading=\"lazy\" decoding=\"async\" class=\"alignnone wp-image-5677\" src=\"https:\/\/i0.wp.com\/www.muatsdrawig.at\/wp-content\/uploads\/2023\/09\/WienerFotomarathon_11.jpg?resize=350%2C233&#038;ssl=1\" alt=\"\" width=\"350\" height=\"233\" srcset=\"https:\/\/i0.wp.com\/www.muatsdrawig.at\/wp-content\/uploads\/2023\/09\/WienerFotomarathon_11.jpg?w=2048&amp;ssl=1 2048w, https:\/\/i0.wp.com\/www.muatsdrawig.at\/wp-content\/uploads\/2023\/09\/WienerFotomarathon_11.jpg?resize=300%2C200&amp;ssl=1 300w, https:\/\/i0.wp.com\/www.muatsdrawig.at\/wp-content\/uploads\/2023\/09\/WienerFotomarathon_11.jpg?resize=1024%2C683&amp;ssl=1 1024w, https:\/\/i0.wp.com\/www.muatsdrawig.at\/wp-content\/uploads\/2023\/09\/WienerFotomarathon_11.jpg?resize=768%2C512&amp;ssl=1 768w, https:\/\/i0.wp.com\/www.muatsdrawig.at\/wp-content\/uploads\/2023\/09\/WienerFotomarathon_11.jpg?resize=1536%2C1024&amp;ssl=1 1536w\" sizes=\"(max-width: 350px) 100vw, 350px\" \/><\/p>\n<p>Very close behind the top three. I think the idea and the realisation are great<\/p>\n<h3 class=\"p1\"><span class=\"s1\">Has anything changed since last year?<\/span><\/h3>\n<p>What has changed and I can't decide how I feel about it - the mobile phone competition didn't exist in 2023. On the one hand, I thought it was really great that people without camera skills but with an interest in photography could take part. As a result, there were more participants, more wonderfully realised themes and even more people who share a passion. On the other hand, I didn't like the fact that post-processing was allowed in the mobile phone competition. If you compare a camera photo, which must not be altered, with a mobile phone photo, which can be edited into a fantastically beautiful work of art with the right skills - then a photo from the camera can look a bit \u201ebland\u201c.<\/p>\n<p>My personal opinion would be to bring back the mobile phone competition, but with the same rules as the camera competition. Not only can you then really judge photos according to the person's ability, no, even those who can't edit have the same chance of winning.&nbsp;&nbsp;<\/p>\n<h4 class=\"p1\"><span class=\"s1\">The camera application\ud83d\udcf7<\/span><\/h4>\n<p class=\"p1\"><span class=\"s1\">Photographs may only be taken in JPEG and with a maximum of 24 megapixels. All possible filters and colour settings (black and white) may be applied to the camera, but post-processing is not permitted. In other words, everything that can be adjusted before the shutter is released is permitted. Anything after the photo has been taken is an offence. Apart from the start number, the 12 topics must be worked through in sequence. This can lead to a huge disadvantage and problems. If you can't think of anything for the first topic, you can't continue. It is therefore not possible to skip a task and catch up on it later.<\/span><\/p>\n<h3 class=\"p1\"><span class=\"s1\">My conclusion<\/span><\/h3>\n<p>As every year, the Vienna Photo Marathon 2023 was a great event for me. I particularly enjoyed the topics this time, even though I got quite stuck with some of them. Which is always a great experience for me, as you have the same requirements every year, I've been able to track my improvement in photography over the last few years. I wasn't able to realise one or two tasks 100 % to my satisfaction, but from a photographic point of view I'm all the happier with my photos. Although the journey to Steyr took 2 hours, I was able to realise 12 themes in 12 hours and even have a few photos with me that I would count among my best photos.<\/p>\n<p class=\"p1\"><span class=\"s1\">Whether you are a professional, amateur or hobby photographer, the Vienna Photo Marathon is something for everyone. You get out of your comfort zone, you have to be creative and you use your camera in a way you wouldn't normally do. It's a huge change from everyday photography and, above all, it's great fun.\ud83d\ude0a The Vienna Fotomarathon was once again a great success for me and I'm already looking forward to next year and a great event in 2024.<\/span><\/p>","protected":false},"excerpt":{"rendered":"<p>12 Themen in 12 Stunden, das war der Wiener Fotomarathon 2023. Um 09:00 Uhr morgens erh\u00e4lt man 12 Themen, die bis 21:00 Uhr abgearbeitet werden m\u00fcssen. Am 16.09 fand dieses Jahr der Wiener Fotomarathon 2023 statt. 12 Themen + ein Foto f\u00fcr deine Startnummer m\u00fcssen in 12 Stunden fotografiert werden. Seit 2020 kann man von [&hellip;]<\/p>\n","protected":false},"author":2,"featured_media":5673,"comment_status":"open","ping_status":"open","sticky":false,"template":"","format":"standard","meta":{"_acf_changed":false,"jetpack_post_was_ever_published":false,"_jetpack_newsletter_access":"","_jetpack_dont_email_post_to_subs":false,"_jetpack_newsletter_tier_id":0,"_jetpack_memberships_contains_paywalled_content":false,"_jetpack_memberships_contains_paid_content":false,"footnotes":"","jetpack_publicize_message":"","jetpack_publicize_feature_enabled":true,"jetpack_social_post_already_shared":true,"jetpack_social_options":{"image_generator_settings":{"template":"highway","default_image_id":0,"font":"","enabled":false},"version":2},"_wpas_customize_per_network":false},"categories":[279],"tags":[126,393,394,125],"class_list":["post-5665","post","type-post","status-publish","format-standard","has-post-thumbnail","hentry","category-fotografie","tag-fotografie","tag-nikon","tag-steyr","tag-wiener-fotomarathon"],"acf":[],"yoast_head":"<!-- This site is optimized with the Yoast SEO plugin v27.5 - https:\/\/yoast.com\/product\/yoast-seo-wordpress\/ -->\n<title>Der Wiener Fotomarathon 2023 - muats drawig<\/title>\n<meta name=\"description\" content=\"Der Wiener Fotomarathon - Du bekommst 12 Themen und musst diese in 12 Stunden umsetzen. F\u00fcr Fotografiebegeisterte ein richtiges Highlight.\" \/>\n<meta name=\"robots\" content=\"index, follow, max-snippet:-1, max-image-preview:large, max-video-preview:-1\" \/>\n<link rel=\"canonical\" href=\"https:\/\/www.muatsdrawig.at\/en\/the-vienna-photomarathon-2023\/\" \/>\n<meta property=\"og:locale\" content=\"en_GB\" \/>\n<meta property=\"og:type\" content=\"article\" \/>\n<meta property=\"og:title\" content=\"Der Wiener Fotomarathon 2023 - muats drawig\" \/>\n<meta property=\"og:description\" content=\"Der Wiener Fotomarathon - Du bekommst 12 Themen und musst diese in 12 Stunden umsetzen. F\u00fcr Fotografiebegeisterte ein richtiges Highlight.\" \/>\n<meta property=\"og:url\" content=\"https:\/\/www.muatsdrawig.at\/en\/the-vienna-photomarathon-2023\/\" \/>\n<meta property=\"og:site_name\" content=\"muats drawig\" \/>\n<meta property=\"article:published_time\" content=\"2023-09-23T04:00:13+00:00\" \/>\n<meta property=\"article:modified_time\" content=\"2024-01-11T20:26:44+00:00\" \/>\n<meta property=\"og:image\" content=\"https:\/\/www.muatsdrawig.at\/wp-content\/uploads\/2023\/09\/WienerFotomarathon_07.jpg\" \/>\n\t<meta property=\"og:image:width\" content=\"2048\" \/>\n\t<meta property=\"og:image:height\" content=\"1365\" \/>\n\t<meta property=\"og:image:type\" content=\"image\/jpeg\" \/>\n<meta name=\"author\" content=\"Michael\" \/>\n<meta name=\"twitter:card\" content=\"summary_large_image\" \/>\n<meta name=\"twitter:label1\" content=\"Written by\" \/>\n\t<meta name=\"twitter:data1\" content=\"Michael\" \/>\n\t<meta name=\"twitter:label2\" content=\"Estimated reading time\" \/>\n\t<meta name=\"twitter:data2\" content=\"10 minutes\" \/>\n<script type=\"application\/ld+json\" class=\"yoast-schema-graph\">{\"@context\":\"https:\\\/\\\/schema.org\",\"@graph\":[{\"@type\":\"Article\",\"@id\":\"https:\\\/\\\/www.muatsdrawig.at\\\/der-wiener-fotomarathon-2023#article\",\"isPartOf\":{\"@id\":\"https:\\\/\\\/www.muatsdrawig.at\\\/der-wiener-fotomarathon-2023\"},\"author\":{\"name\":\"Michael\",\"@id\":\"https:\\\/\\\/www.muatsdrawig.at\\\/#\\\/schema\\\/person\\\/6a5fe4ce4a9cf4b4a74391ead8d9302e\"},\"headline\":\"Der Wiener Fotomarathon 2023\",\"datePublished\":\"2023-09-23T04:00:13+00:00\",\"dateModified\":\"2024-01-11T20:26:44+00:00\",\"mainEntityOfPage\":{\"@id\":\"https:\\\/\\\/www.muatsdrawig.at\\\/der-wiener-fotomarathon-2023\"},\"wordCount\":1262,\"commentCount\":0,\"publisher\":{\"@id\":\"https:\\\/\\\/www.muatsdrawig.at\\\/#organization\"},\"image\":{\"@id\":\"https:\\\/\\\/www.muatsdrawig.at\\\/der-wiener-fotomarathon-2023#primaryimage\"},\"thumbnailUrl\":\"https:\\\/\\\/i0.wp.com\\\/www.muatsdrawig.at\\\/wp-content\\\/uploads\\\/2023\\\/09\\\/WienerFotomarathon_07.jpg?fit=2048%2C1365&ssl=1\",\"keywords\":[\"Fotografie\",\"Nikon\",\"Steyr\",\"Wiener Fotomarathon\"],\"articleSection\":[\"Fotografie\"],\"inLanguage\":\"en-GB\",\"potentialAction\":[{\"@type\":\"CommentAction\",\"name\":\"Comment\",\"target\":[\"https:\\\/\\\/www.muatsdrawig.at\\\/der-wiener-fotomarathon-2023#respond\"]}]},{\"@type\":\"WebPage\",\"@id\":\"https:\\\/\\\/www.muatsdrawig.at\\\/der-wiener-fotomarathon-2023\",\"url\":\"https:\\\/\\\/www.muatsdrawig.at\\\/der-wiener-fotomarathon-2023\",\"name\":\"Der Wiener Fotomarathon 2023 - muats drawig\",\"isPartOf\":{\"@id\":\"https:\\\/\\\/www.muatsdrawig.at\\\/#website\"},\"primaryImageOfPage\":{\"@id\":\"https:\\\/\\\/www.muatsdrawig.at\\\/der-wiener-fotomarathon-2023#primaryimage\"},\"image\":{\"@id\":\"https:\\\/\\\/www.muatsdrawig.at\\\/der-wiener-fotomarathon-2023#primaryimage\"},\"thumbnailUrl\":\"https:\\\/\\\/i0.wp.com\\\/www.muatsdrawig.at\\\/wp-content\\\/uploads\\\/2023\\\/09\\\/WienerFotomarathon_07.jpg?fit=2048%2C1365&ssl=1\",\"datePublished\":\"2023-09-23T04:00:13+00:00\",\"dateModified\":\"2024-01-11T20:26:44+00:00\",\"description\":\"Der Wiener Fotomarathon - Du bekommst 12 Themen und musst diese in 12 Stunden umsetzen. F\u00fcr Fotografiebegeisterte ein richtiges Highlight.\",\"breadcrumb\":{\"@id\":\"https:\\\/\\\/www.muatsdrawig.at\\\/der-wiener-fotomarathon-2023#breadcrumb\"},\"inLanguage\":\"en-GB\",\"potentialAction\":[{\"@type\":\"ReadAction\",\"target\":[\"https:\\\/\\\/www.muatsdrawig.at\\\/der-wiener-fotomarathon-2023\"]}]},{\"@type\":\"ImageObject\",\"inLanguage\":\"en-GB\",\"@id\":\"https:\\\/\\\/www.muatsdrawig.at\\\/der-wiener-fotomarathon-2023#primaryimage\",\"url\":\"https:\\\/\\\/i0.wp.com\\\/www.muatsdrawig.at\\\/wp-content\\\/uploads\\\/2023\\\/09\\\/WienerFotomarathon_07.jpg?fit=2048%2C1365&ssl=1\",\"contentUrl\":\"https:\\\/\\\/i0.wp.com\\\/www.muatsdrawig.at\\\/wp-content\\\/uploads\\\/2023\\\/09\\\/WienerFotomarathon_07.jpg?fit=2048%2C1365&ssl=1\",\"width\":2048,\"height\":1365},{\"@type\":\"BreadcrumbList\",\"@id\":\"https:\\\/\\\/www.muatsdrawig.at\\\/der-wiener-fotomarathon-2023#breadcrumb\",\"itemListElement\":[{\"@type\":\"ListItem\",\"position\":1,\"name\":\"Startseite\",\"item\":\"https:\\\/\\\/www.muatsdrawig.at\\\/\"},{\"@type\":\"ListItem\",\"position\":2,\"name\":\"Der Wiener Fotomarathon 2023\"}]},{\"@type\":\"WebSite\",\"@id\":\"https:\\\/\\\/www.muatsdrawig.at\\\/#website\",\"url\":\"https:\\\/\\\/www.muatsdrawig.at\\\/\",\"name\":\"muats drawig\",\"description\":\"Dein Freizeitblog f\u00fcr Ausflugstipps und vegane Vielfalt in \u00d6sterreich\",\"publisher\":{\"@id\":\"https:\\\/\\\/www.muatsdrawig.at\\\/#organization\"},\"potentialAction\":[{\"@type\":\"SearchAction\",\"target\":{\"@type\":\"EntryPoint\",\"urlTemplate\":\"https:\\\/\\\/www.muatsdrawig.at\\\/?s={search_term_string}\"},\"query-input\":{\"@type\":\"PropertyValueSpecification\",\"valueRequired\":true,\"valueName\":\"search_term_string\"}}],\"inLanguage\":\"en-GB\"},{\"@type\":\"Organization\",\"@id\":\"https:\\\/\\\/www.muatsdrawig.at\\\/#organization\",\"name\":\"muats drawig\",\"url\":\"https:\\\/\\\/www.muatsdrawig.at\\\/\",\"logo\":{\"@type\":\"ImageObject\",\"inLanguage\":\"en-GB\",\"@id\":\"https:\\\/\\\/www.muatsdrawig.at\\\/#\\\/schema\\\/logo\\\/image\\\/\",\"url\":\"https:\\\/\\\/i0.wp.com\\\/www.muatsdrawig.at\\\/wp-content\\\/uploads\\\/2022\\\/08\\\/Logo-quer-transparent-header.png?fit=2467%2C724&ssl=1\",\"contentUrl\":\"https:\\\/\\\/i0.wp.com\\\/www.muatsdrawig.at\\\/wp-content\\\/uploads\\\/2022\\\/08\\\/Logo-quer-transparent-header.png?fit=2467%2C724&ssl=1\",\"width\":2467,\"height\":724,\"caption\":\"muats drawig\"},\"image\":{\"@id\":\"https:\\\/\\\/www.muatsdrawig.at\\\/#\\\/schema\\\/logo\\\/image\\\/\"}},{\"@type\":\"Person\",\"@id\":\"https:\\\/\\\/www.muatsdrawig.at\\\/#\\\/schema\\\/person\\\/6a5fe4ce4a9cf4b4a74391ead8d9302e\",\"name\":\"Michael\",\"image\":{\"@type\":\"ImageObject\",\"inLanguage\":\"en-GB\",\"@id\":\"https:\\\/\\\/secure.gravatar.com\\\/avatar\\\/2d4915e2fe68cbc60fe066a74be2cf383493e7aa6e7d17db9e71223d3030f3f2?s=96&d=mm&r=g\",\"url\":\"https:\\\/\\\/secure.gravatar.com\\\/avatar\\\/2d4915e2fe68cbc60fe066a74be2cf383493e7aa6e7d17db9e71223d3030f3f2?s=96&d=mm&r=g\",\"contentUrl\":\"https:\\\/\\\/secure.gravatar.com\\\/avatar\\\/2d4915e2fe68cbc60fe066a74be2cf383493e7aa6e7d17db9e71223d3030f3f2?s=96&d=mm&r=g\",\"caption\":\"Michael\"},\"description\":\"Michael ist ein begabter Hobby-Fotograf, Vollblut Hundepapa und hat eine Vorliebe zu gest\u00f6rten Aktionen. Trips von Salzburg nach Jesolo mit \u00fcber 4000 H\u00f6henmeter mit dem Fahrrad sind f\u00fcr ihn ein Sonntagsausflug.\",\"sameAs\":[\"https:\\\/\\\/www.instagram.com\\\/x_wish.pics_x\\\/\"],\"url\":\"https:\\\/\\\/www.muatsdrawig.at\\\/en\\\/author\\\/wishpics\"}]}<\/script>\n<!-- \/ Yoast SEO plugin. -->","yoast_head_json":{"title":"The Vienna Fotomarathon 2023 - muats drawig","description":"The Vienna Photo Marathon - you are given 12 themes and have to realise them in 12 hours. A real highlight for photography enthusiasts.","robots":{"index":"index","follow":"follow","max-snippet":"max-snippet:-1","max-image-preview":"max-image-preview:large","max-video-preview":"max-video-preview:-1"},"canonical":"https:\/\/www.muatsdrawig.at\/en\/the-vienna-photomarathon-2023\/","og_locale":"en_GB","og_type":"article","og_title":"Der Wiener Fotomarathon 2023 - muats drawig","og_description":"Der Wiener Fotomarathon - Du bekommst 12 Themen und musst diese in 12 Stunden umsetzen. F\u00fcr Fotografiebegeisterte ein richtiges Highlight.","og_url":"https:\/\/www.muatsdrawig.at\/en\/the-vienna-photomarathon-2023\/","og_site_name":"muats drawig","article_published_time":"2023-09-23T04:00:13+00:00","article_modified_time":"2024-01-11T20:26:44+00:00","og_image":[{"width":2048,"height":1365,"url":"https:\/\/www.muatsdrawig.at\/wp-content\/uploads\/2023\/09\/WienerFotomarathon_07.jpg","type":"image\/jpeg"}],"author":"Michael","twitter_card":"summary_large_image","twitter_misc":{"Written by":"Michael","Estimated reading time":"10 minutes"},"schema":{"@context":"https:\/\/schema.org","@graph":[{"@type":"Article","@id":"https:\/\/www.muatsdrawig.at\/der-wiener-fotomarathon-2023#article","isPartOf":{"@id":"https:\/\/www.muatsdrawig.at\/der-wiener-fotomarathon-2023"},"author":{"name":"Michael","@id":"https:\/\/www.muatsdrawig.at\/#\/schema\/person\/6a5fe4ce4a9cf4b4a74391ead8d9302e"},"headline":"Der Wiener Fotomarathon 2023","datePublished":"2023-09-23T04:00:13+00:00","dateModified":"2024-01-11T20:26:44+00:00","mainEntityOfPage":{"@id":"https:\/\/www.muatsdrawig.at\/der-wiener-fotomarathon-2023"},"wordCount":1262,"commentCount":0,"publisher":{"@id":"https:\/\/www.muatsdrawig.at\/#organization"},"image":{"@id":"https:\/\/www.muatsdrawig.at\/der-wiener-fotomarathon-2023#primaryimage"},"thumbnailUrl":"https:\/\/i0.wp.com\/www.muatsdrawig.at\/wp-content\/uploads\/2023\/09\/WienerFotomarathon_07.jpg?fit=2048%2C1365&ssl=1","keywords":["Fotografie","Nikon","Steyr","Wiener Fotomarathon"],"articleSection":["Fotografie"],"inLanguage":"en-GB","potentialAction":[{"@type":"CommentAction","name":"Comment","target":["https:\/\/www.muatsdrawig.at\/der-wiener-fotomarathon-2023#respond"]}]},{"@type":"WebPage","@id":"https:\/\/www.muatsdrawig.at\/der-wiener-fotomarathon-2023","url":"https:\/\/www.muatsdrawig.at\/der-wiener-fotomarathon-2023","name":"The Vienna Fotomarathon 2023 - muats drawig","isPartOf":{"@id":"https:\/\/www.muatsdrawig.at\/#website"},"primaryImageOfPage":{"@id":"https:\/\/www.muatsdrawig.at\/der-wiener-fotomarathon-2023#primaryimage"},"image":{"@id":"https:\/\/www.muatsdrawig.at\/der-wiener-fotomarathon-2023#primaryimage"},"thumbnailUrl":"https:\/\/i0.wp.com\/www.muatsdrawig.at\/wp-content\/uploads\/2023\/09\/WienerFotomarathon_07.jpg?fit=2048%2C1365&ssl=1","datePublished":"2023-09-23T04:00:13+00:00","dateModified":"2024-01-11T20:26:44+00:00","description":"The Vienna Photo Marathon - you are given 12 themes and have to realise them in 12 hours. A real highlight for photography enthusiasts.","breadcrumb":{"@id":"https:\/\/www.muatsdrawig.at\/der-wiener-fotomarathon-2023#breadcrumb"},"inLanguage":"en-GB","potentialAction":[{"@type":"ReadAction","target":["https:\/\/www.muatsdrawig.at\/der-wiener-fotomarathon-2023"]}]},{"@type":"ImageObject","inLanguage":"en-GB","@id":"https:\/\/www.muatsdrawig.at\/der-wiener-fotomarathon-2023#primaryimage","url":"https:\/\/i0.wp.com\/www.muatsdrawig.at\/wp-content\/uploads\/2023\/09\/WienerFotomarathon_07.jpg?fit=2048%2C1365&ssl=1","contentUrl":"https:\/\/i0.wp.com\/www.muatsdrawig.at\/wp-content\/uploads\/2023\/09\/WienerFotomarathon_07.jpg?fit=2048%2C1365&ssl=1","width":2048,"height":1365},{"@type":"BreadcrumbList","@id":"https:\/\/www.muatsdrawig.at\/der-wiener-fotomarathon-2023#breadcrumb","itemListElement":[{"@type":"ListItem","position":1,"name":"Startseite","item":"https:\/\/www.muatsdrawig.at\/"},{"@type":"ListItem","position":2,"name":"Der Wiener Fotomarathon 2023"}]},{"@type":"WebSite","@id":"https:\/\/www.muatsdrawig.at\/#website","url":"https:\/\/www.muatsdrawig.at\/","name":"muats drawig","description":"Your leisure blog for excursion tips and vegan diversity in Austria","publisher":{"@id":"https:\/\/www.muatsdrawig.at\/#organization"},"potentialAction":[{"@type":"SearchAction","target":{"@type":"EntryPoint","urlTemplate":"https:\/\/www.muatsdrawig.at\/?s={search_term_string}"},"query-input":{"@type":"PropertyValueSpecification","valueRequired":true,"valueName":"search_term_string"}}],"inLanguage":"en-GB"},{"@type":"Organization","@id":"https:\/\/www.muatsdrawig.at\/#organization","name":"muats drawig","url":"https:\/\/www.muatsdrawig.at\/","logo":{"@type":"ImageObject","inLanguage":"en-GB","@id":"https:\/\/www.muatsdrawig.at\/#\/schema\/logo\/image\/","url":"https:\/\/i0.wp.com\/www.muatsdrawig.at\/wp-content\/uploads\/2022\/08\/Logo-quer-transparent-header.png?fit=2467%2C724&ssl=1","contentUrl":"https:\/\/i0.wp.com\/www.muatsdrawig.at\/wp-content\/uploads\/2022\/08\/Logo-quer-transparent-header.png?fit=2467%2C724&ssl=1","width":2467,"height":724,"caption":"muats drawig"},"image":{"@id":"https:\/\/www.muatsdrawig.at\/#\/schema\/logo\/image\/"}},{"@type":"Person","@id":"https:\/\/www.muatsdrawig.at\/#\/schema\/person\/6a5fe4ce4a9cf4b4a74391ead8d9302e","name":"Michael","image":{"@type":"ImageObject","inLanguage":"en-GB","@id":"https:\/\/secure.gravatar.com\/avatar\/2d4915e2fe68cbc60fe066a74be2cf383493e7aa6e7d17db9e71223d3030f3f2?s=96&d=mm&r=g","url":"https:\/\/secure.gravatar.com\/avatar\/2d4915e2fe68cbc60fe066a74be2cf383493e7aa6e7d17db9e71223d3030f3f2?s=96&d=mm&r=g","contentUrl":"https:\/\/secure.gravatar.com\/avatar\/2d4915e2fe68cbc60fe066a74be2cf383493e7aa6e7d17db9e71223d3030f3f2?s=96&d=mm&r=g","caption":"Michael"},"description":"Michael is a talented amateur photographer, a thoroughbred dog dad and has a penchant for disruptive action. Trips from Salzburg to Jesolo with over 4000 metres in altitude by bike are a Sunday outing for him.","sameAs":["https:\/\/www.instagram.com\/x_wish.pics_x\/"],"url":"https:\/\/www.muatsdrawig.at\/en\/author\/wishpics"}]}},"jetpack_publicize_connections":[],"jetpack_featured_media_url":"https:\/\/i0.wp.com\/www.muatsdrawig.at\/wp-content\/uploads\/2023\/09\/WienerFotomarathon_07.jpg?fit=2048%2C1365&ssl=1","jetpack_sharing_enabled":true,"jetpack_likes_enabled":true,"_links":{"self":[{"href":"https:\/\/www.muatsdrawig.at\/en\/wp-json\/wp\/v2\/posts\/5665","targetHints":{"allow":["GET"]}}],"collection":[{"href":"https:\/\/www.muatsdrawig.at\/en\/wp-json\/wp\/v2\/posts"}],"about":[{"href":"https:\/\/www.muatsdrawig.at\/en\/wp-json\/wp\/v2\/types\/post"}],"author":[{"embeddable":true,"href":"https:\/\/www.muatsdrawig.at\/en\/wp-json\/wp\/v2\/users\/2"}],"replies":[{"embeddable":true,"href":"https:\/\/www.muatsdrawig.at\/en\/wp-json\/wp\/v2\/comments?post=5665"}],"version-history":[{"count":9,"href":"https:\/\/www.muatsdrawig.at\/en\/wp-json\/wp\/v2\/posts\/5665\/revisions"}],"predecessor-version":[{"id":5728,"href":"https:\/\/www.muatsdrawig.at\/en\/wp-json\/wp\/v2\/posts\/5665\/revisions\/5728"}],"wp:featuredmedia":[{"embeddable":true,"href":"https:\/\/www.muatsdrawig.at\/en\/wp-json\/wp\/v2\/media\/5673"}],"wp:attachment":[{"href":"https:\/\/www.muatsdrawig.at\/en\/wp-json\/wp\/v2\/media?parent=5665"}],"wp:term":[{"taxonomy":"category","embeddable":true,"href":"https:\/\/www.muatsdrawig.at\/en\/wp-json\/wp\/v2\/categories?post=5665"},{"taxonomy":"post_tag","embeddable":true,"href":"https:\/\/www.muatsdrawig.at\/en\/wp-json\/wp\/v2\/tags?post=5665"}],"curies":[{"name":"wp","href":"https:\/\/api.w.org\/{rel}","templated":true}]}}