{"id":4429,"date":"2023-04-13T05:55:58","date_gmt":"2023-04-13T03:55:58","guid":{"rendered":"https:\/\/www.muatsdrawig.at\/?p=4429"},"modified":"2026-01-01T23:12:32","modified_gmt":"2026-01-01T22:12:32","slug":"holiday-excursion-2023-fair-wels-upper-austria","status":"publish","type":"post","link":"https:\/\/www.muatsdrawig.at\/en\/urlaub-ausflug-2023-messe-wels-oberoesterreich","title":{"rendered":"\u201eHoliday &amp; Excursion 2023\u201c trade fair in Wels, Upper Austria"},"content":{"rendered":"<h2>\u201eUpper Austria's most popular leisure fair\u201c for holiday inspiration, excursion tips and leisure activities in and around Austria.<\/h2>\n<p>As a leisure blog from Upper Austria, we couldn't miss the opportunity to visit the trade fair for holidays, excursions and leisure activities in and around Austria at the Wels exhibition centre. \ud83c\udfde<\/p>\n<p>You can now read about what was on offer at the holiday fair and whether it might be worth a trip to Wels for you next year.<\/p>\n<figure id=\"attachment_4441\" aria-describedby=\"caption-attachment-4441\" style=\"width: 1024px\" class=\"wp-caption aligncenter\"><img data-recalc-dims=\"1\" fetchpriority=\"high\" decoding=\"async\" class=\"wp-image-4441 size-large\" src=\"https:\/\/i0.wp.com\/www.muatsdrawig.at\/wp-content\/uploads\/2023\/04\/Urlaub_Freizeit_Messe_2023_01.jpg?resize=1024%2C683&#038;ssl=1\" alt=\"Exhibitor at the holiday &amp; excursion fair in Wels 2023\" width=\"1024\" height=\"683\" srcset=\"https:\/\/i0.wp.com\/www.muatsdrawig.at\/wp-content\/uploads\/2023\/04\/Urlaub_Freizeit_Messe_2023_01.jpg?resize=1024%2C683&amp;ssl=1 1024w, https:\/\/i0.wp.com\/www.muatsdrawig.at\/wp-content\/uploads\/2023\/04\/Urlaub_Freizeit_Messe_2023_01.jpg?resize=300%2C200&amp;ssl=1 300w, https:\/\/i0.wp.com\/www.muatsdrawig.at\/wp-content\/uploads\/2023\/04\/Urlaub_Freizeit_Messe_2023_01.jpg?resize=768%2C512&amp;ssl=1 768w, https:\/\/i0.wp.com\/www.muatsdrawig.at\/wp-content\/uploads\/2023\/04\/Urlaub_Freizeit_Messe_2023_01.jpg?resize=1536%2C1024&amp;ssl=1 1536w, https:\/\/i0.wp.com\/www.muatsdrawig.at\/wp-content\/uploads\/2023\/04\/Urlaub_Freizeit_Messe_2023_01.jpg?w=2048&amp;ssl=1 2048w\" sizes=\"(max-width: 1000px) 100vw, 1000px\" \/><figcaption id=\"caption-attachment-4441\" class=\"wp-caption-text\">Exhibitor at the holiday &amp; excursion fair in Wels 2023<\/figcaption><\/figure>\n<p>&nbsp;<\/p>\n<h3>Trade fair - topics\/offer<\/h3>\n<p>At the trade fair \u201e<a href=\"https:\/\/gartenmesse.at\/\" target=\"_blank\" rel=\"noopener\">Holiday &amp; Excursion<\/a>\u201c trade fair visitors found the latest trends and offers for hiking &amp; holiday regions, day trips, holiday destinations and leisure activities in and around Austria.<\/p>\n<p>Whether it's a cultural city trip, a relaxing wellness holiday in the spa, an active holiday in the countryside or travelling with your own camper \u00e0 la the journey is the reward \ud83d\ude90 - you'll find inspiration for your next holiday for every preference.<\/p>\n<p>At the same time, the trade fair <a href=\"https:\/\/gartenmesse.at\/\" target=\"_blank\" rel=\"noopener\">\u201eBlooming Austria - Austria's most beautiful garden fair\u201c<\/a> instead.<\/p>\n<p>&nbsp;<\/p>\n<h3>Exhibitors &amp; programme + areas<\/h3>\n<p>This year, the \u201eHoliday &amp; Excursion\u201c trade fair took place in Hall 20, which was divided into the following areas:<\/p>\n<ul>\n<li>(ORF Radio Upper Austria) holiday stage<\/li>\n<li>Holiday regions<\/li>\n<li>Tourism organisations<\/li>\n<li>Camping &amp; outdoor accessories \u26fa\ufe0f<\/li>\n<li>Motorhomes &amp; Caravans<\/li>\n<\/ul>\n<p>Over 280 exhibitors provided advice and information on the latest gardening trends and holiday tips.<\/p>\n<figure id=\"attachment_4442\" aria-describedby=\"caption-attachment-4442\" style=\"width: 349px\" class=\"wp-caption aligncenter\"><img data-recalc-dims=\"1\" decoding=\"async\" class=\"wp-image-4442\" src=\"https:\/\/i0.wp.com\/www.muatsdrawig.at\/wp-content\/uploads\/2023\/04\/Urlaub_Freizeit_Messe_2023_02.jpg?resize=349%2C523&#038;ssl=1\" alt=\"A motorhome at the holiday and excursion trade fair\" width=\"349\" height=\"523\" srcset=\"https:\/\/i0.wp.com\/www.muatsdrawig.at\/wp-content\/uploads\/2023\/04\/Urlaub_Freizeit_Messe_2023_02.jpg?resize=683%2C1024&amp;ssl=1 683w, https:\/\/i0.wp.com\/www.muatsdrawig.at\/wp-content\/uploads\/2023\/04\/Urlaub_Freizeit_Messe_2023_02.jpg?resize=200%2C300&amp;ssl=1 200w, https:\/\/i0.wp.com\/www.muatsdrawig.at\/wp-content\/uploads\/2023\/04\/Urlaub_Freizeit_Messe_2023_02.jpg?resize=768%2C1152&amp;ssl=1 768w, https:\/\/i0.wp.com\/www.muatsdrawig.at\/wp-content\/uploads\/2023\/04\/Urlaub_Freizeit_Messe_2023_02.jpg?resize=1024%2C1536&amp;ssl=1 1024w, https:\/\/i0.wp.com\/www.muatsdrawig.at\/wp-content\/uploads\/2023\/04\/Urlaub_Freizeit_Messe_2023_02.jpg?w=1365&amp;ssl=1 1365w\" sizes=\"(max-width: 349px) 100vw, 349px\" \/><figcaption id=\"caption-attachment-4442\" class=\"wp-caption-text\">A motorhome at the holiday and excursion trade fair<\/figcaption><\/figure>\n<p>A varied programme took place on the holiday stage. Sch\u00fcrzenLiebe, for example, presented its lovingly and uniquely designed aprons, which make even a simple black dress look a little more \u201etraditional\u201c - as we learnt. Tourism associations and holiday regions provided information about events, holiday options and activities. In between, you could always win little things in the competitions on offer.<\/p>\n<p>Products from companies of all sizes were also represented. From start-ups such as <a href=\"https:\/\/www.vojobox.at\/\" target=\"_blank\" rel=\"noopener\">VOJO Box for Camp<\/a> or <a href=\"https:\/\/dishtennis.net\/\" target=\"_blank\" rel=\"noopener\">Dish Tennis<\/a> to renowned companies such as <a href=\"https:\/\/www.therme-geinberg.at\/\" target=\"_blank\" rel=\"noopener\">Therme Geinberg<\/a>, <a href=\"https:\/\/www.eurothermen.at\/\" target=\"_blank\" rel=\"noopener\">Eurothermen Resort<\/a>, <a href=\"https:\/\/rieder-bier.at\/\" target=\"_blank\" rel=\"noopener\">Ried Brewery<\/a> and many more.<\/p>\n<p>The <a href=\"https:\/\/www.alpenverein.at\/wels\/\" target=\"_blank\" rel=\"noopener\">Alpine Club Wels<\/a> was with the <a href=\"https:\/\/www.alpenverein.at\/wels-jugend\/\" target=\"_blank\" rel=\"noopener\">Alpine Club Youth<\/a> and a steep abseiling action, where you could abseil down from a height using a rope.&nbsp;<\/p>\n<p>We were also able to experience the loving <a href=\"https:\/\/www.facebook.com\/hermi.kuerner\" target=\"_blank\" rel=\"noopener\">Hermi K\u00fcrner, with her Mercedes Benz 1931, unique in Europe<\/a>, get to know her. A warm lady who offers tours with her faithful companion.<\/p>\n<figure id=\"attachment_4446\" aria-describedby=\"caption-attachment-4446\" style=\"width: 683px\" class=\"wp-caption aligncenter\"><img data-recalc-dims=\"1\" decoding=\"async\" class=\"wp-image-4446 size-large\" src=\"https:\/\/i0.wp.com\/www.muatsdrawig.at\/wp-content\/uploads\/2023\/04\/Urlaub_Freizeit_Messe_2023_07.jpg?resize=683%2C1024&#038;ssl=1\" alt=\"Hermi and her Mercedes\" width=\"683\" height=\"1024\" srcset=\"https:\/\/i0.wp.com\/www.muatsdrawig.at\/wp-content\/uploads\/2023\/04\/Urlaub_Freizeit_Messe_2023_07.jpg?resize=683%2C1024&amp;ssl=1 683w, https:\/\/i0.wp.com\/www.muatsdrawig.at\/wp-content\/uploads\/2023\/04\/Urlaub_Freizeit_Messe_2023_07.jpg?resize=200%2C300&amp;ssl=1 200w, https:\/\/i0.wp.com\/www.muatsdrawig.at\/wp-content\/uploads\/2023\/04\/Urlaub_Freizeit_Messe_2023_07.jpg?resize=768%2C1152&amp;ssl=1 768w, https:\/\/i0.wp.com\/www.muatsdrawig.at\/wp-content\/uploads\/2023\/04\/Urlaub_Freizeit_Messe_2023_07.jpg?resize=1024%2C1536&amp;ssl=1 1024w, https:\/\/i0.wp.com\/www.muatsdrawig.at\/wp-content\/uploads\/2023\/04\/Urlaub_Freizeit_Messe_2023_07.jpg?w=1365&amp;ssl=1 1365w\" sizes=\"(max-width: 683px) 100vw, 683px\" \/><figcaption id=\"caption-attachment-4446\" class=\"wp-caption-text\">Hermi and her Mercedes<\/figcaption><\/figure>\n<p>&nbsp;<\/p>\n<h3>Journey and arrival<\/h3>\n<p>As Wels is connected to the main transport routes, travelling to the exhibition grounds is possible by almost any means of transport. For example, you can travel by bus and train from Upper Austria with the Freizeit-Ticket O\u00d6, Jugendticket-Netz or Klima-Ticket. From Wels main station, you can take the Almtalbahn to the \u201eWels Messe\u201c station. If you are already at Kaiser-Josef-Platz, you can reach the exhibition centre on foot in just a few minutes. You can also take the bus to the \u201eWels Schwimmbad\u201c stop. \ud83d\ude8c<\/p>\n<p>Visitors arriving by car can park in the car parks provided.<\/p>\n<p><span style=\"color: #000000; font-family: 'Trebuchet MS', Helvetica, sans-serif; font-size: 19px; font-weight: bold;\">By public transport to the exhibition centre - find your route now:<\/span><\/p>\n<p><script type=\"text\/javascript\" src=\"https:\/\/verkehrsauskunft.ooevv.at\/webapp\/staticfiles\/hafas-widget-core.1.0.0.js?L=vs_ooevv&amp;\"><\/script><\/p>\n<div data-hfs-widget=\"true\" data-hfs-widget-tp=\"true\" data-hfs-widget-tp-dep=\"Schwanenstadt Bahnhof\" data-hfs-widget-tp-arr=\"Wels (O\u00d6) Messe Bahnhof\">&nbsp;<\/div>\n<p><em>Did you know? If you have an \u00d6FFI annual pass, a monthly ticket or a climate ticket, you can take your dog with you free of charge from 1 January 2023. Further information can be found on the <a href=\"https:\/\/service.ooevv.at\/portal\/de\/kb\/articles\/welche-fahrkarte-ben%C3%B6tigen-tiere-hunde-8-3-2021#:~:text=F%C3%BCr%20Inhaber%3Ainnen%20von%20Jahreskarten,Ausgenommen%20hiervon%20ist%20der%20Schienenfernverkehr.\">Website of the Upper Austrian Transport Association (O\u00d6VV)<\/a>.<\/em><\/p>\n<p>&nbsp;<\/p>\n<h3>Tickets and admission \/ price<\/h3>\n<p>With the day ticket for \u20ac12.50 (concessions: \u20ac10.50), you could visit both fairs - \u201eUrlaub &amp; Ausflug\u201c and \u201eBl\u00fchendes \u00d6sterreich\u201c. Admission to the Welser Volksfest was free.&nbsp;<\/p>\n<p>&nbsp;<\/p>\n<h3>Would you like to visit both trade fairs next year?<\/h3>\n<p>The garden fair \u201eBl\u00fchendes \u00d6sterreich\u201c will once again take place together with the leisure fair \u201eUrlaub &amp; Ausflug\u201c from Friday, 5 April to Sunday, 7 April 2024 at Messe Wels. On these days, you can also round off your visit to the fair at the Wels Folk Festival.<\/p>\n<p>&nbsp;<\/p>\n<h3>Our conclusion &amp; recommendations<\/h3>\n<p>Unfortunately, we didn't have much time that day, but we still didn't want to miss out on this fantastic trade fair - in keeping with our leisure blog.&nbsp;<\/p>\n<p>The holiday and excursion fair was actually smaller than we had expected, but it took quite a while to see everything.<\/p>\n<p>Next time we will definitely take more time and visit the \u201emain fair\u201c - \ud83c\udf37 namely <a href=\"https:\/\/gartenmesse.at\/\" target=\"_blank\" rel=\"noopener\">the \u201eBl\u00fchendes \u00d6sterreich\u201c trade fair, also known as the garden fair.<\/a><\/p>\n<p>Despite the bad weather, we had a great day and enjoyed the event. The culinary delights were a little too short for us, but we made up for this with the numerous options in Wels city centre. It was a little too wet for us to go to the folk festival.<\/p>\n<p>Be inspired by the beautifully laid out show gardens, dream of your next holiday and round off your visit to the fair with a langos at the Wels folk festival - we think it's definitely worth a day trip to Wels next year! \ud83c\udfa1<\/p>\n<h3>&nbsp;<\/h3>\n<h3>Further recommendation<\/h3>\n<p>Would you like more culinary delights and enjoyment at a trade fair? Why not visit the <a href=\"https:\/\/www.muatsdrawig.at\/en\/veggie-planet-2022\/\">Veggie Planet in Linz\/Salzburg\/Graz<\/a>&nbsp;or the&nbsp;<a href=\"https:\/\/www.muatsdrawig.at\/en\/vegan-planet-2022\/\">Vegan Planet in Vienna<\/a>.<\/p>","protected":false},"excerpt":{"rendered":"<p>&#8222;Ober\u00f6sterreichs beliebteste Freizeitmesse&#8220; f\u00fcr Urlaubsinspirationen, Ausflugstipps und Freizeitaktivit\u00e4ten in und um \u00d6sterreich. Als Freizeitblog aus Ober\u00f6sterreich lie\u00dfen es wir uns nat\u00fcrlich nicht nehmen, die Messe rund um Urlaub, Ausflug und Freizeit in und um \u00d6sterreich am Messegel\u00e4nde Wels zu besuchen. \ud83c\udfde Was uns auf der Urlaubsmesse geboten wurde und ob es f\u00fcr dich vielleicht n\u00e4chstes [&hellip;]<\/p>\n","protected":false},"author":1,"featured_media":4448,"comment_status":"open","ping_status":"open","sticky":false,"template":"","format":"standard","meta":{"_acf_changed":false,"jetpack_post_was_ever_published":false,"_jetpack_newsletter_access":"","_jetpack_dont_email_post_to_subs":false,"_jetpack_newsletter_tier_id":0,"_jetpack_memberships_contains_paywalled_content":false,"_jetpack_memberships_contains_paid_content":false,"footnotes":"","jetpack_publicize_message":"","jetpack_publicize_feature_enabled":true,"jetpack_social_post_already_shared":true,"jetpack_social_options":{"image_generator_settings":{"template":"highway","default_image_id":0,"font":"","enabled":false},"version":2},"_wpas_customize_per_network":false},"categories":[40,38],"tags":[300,297,302,293,100,299,301,295,298,303,296,294],"class_list":["post-4429","post","type-post","status-publish","format-standard","has-post-thumbnail","hentry","category-events-veranstaltungen","category-oberoesterreich","tag-ausflug-messe","tag-ausflug-messe-wels","tag-freizeitmesse","tag-messe-oberoesterreich","tag-messe-wels","tag-urlaub-ausflug-messe","tag-urlaub-messe","tag-urlaub-messe-wels","tag-urlaub-und-ausflug-messe-wels","tag-urlaubsmesse","tag-urlaubsmesse-wels","tag-veranstaltungen-oberoesterreich"],"acf":[],"yoast_head":"<!-- This site is optimized with the Yoast SEO plugin v27.4 - https:\/\/yoast.com\/product\/yoast-seo-wordpress\/ -->\n<title>&quot;Urlaub &amp; Ausflug 2023&quot; Messe in Wels, Ober\u00f6sterreich<\/title>\n<meta name=\"description\" content=\"Als Freizeitblog aus Ober\u00f6sterreich haben wir nat\u00fcrlich Ober\u00f6sterreichs beliebteste Freizeitmesse \u26fa\ufe0f &quot;Urlaub &amp; Ausflug 2023&quot; in Wels besucht.\" \/>\n<meta name=\"robots\" content=\"index, follow, max-snippet:-1, max-image-preview:large, max-video-preview:-1\" \/>\n<link rel=\"canonical\" href=\"https:\/\/www.muatsdrawig.at\/en\/holiday-excursion-2023-fair-wels-upper-austria\/\" \/>\n<meta property=\"og:locale\" content=\"en_GB\" \/>\n<meta property=\"og:type\" content=\"article\" \/>\n<meta property=\"og:title\" content=\"&quot;Urlaub &amp; Ausflug 2023&quot; Messe in Wels, Ober\u00f6sterreich\" \/>\n<meta property=\"og:description\" content=\"Als Freizeitblog aus Ober\u00f6sterreich haben wir nat\u00fcrlich Ober\u00f6sterreichs beliebteste Freizeitmesse \u26fa\ufe0f &quot;Urlaub &amp; Ausflug 2023&quot; in Wels besucht.\" \/>\n<meta property=\"og:url\" content=\"https:\/\/www.muatsdrawig.at\/en\/holiday-excursion-2023-fair-wels-upper-austria\/\" \/>\n<meta property=\"og:site_name\" content=\"muats drawig\" \/>\n<meta property=\"article:published_time\" content=\"2023-04-13T03:55:58+00:00\" \/>\n<meta property=\"article:modified_time\" content=\"2026-01-01T22:12:32+00:00\" \/>\n<meta property=\"og:image\" content=\"https:\/\/www.muatsdrawig.at\/wp-content\/uploads\/2023\/04\/Urlaub_Freizeit_Messe_2023_12.jpg\" \/>\n\t<meta property=\"og:image:width\" content=\"2048\" \/>\n\t<meta property=\"og:image:height\" content=\"1365\" \/>\n\t<meta property=\"og:image:type\" content=\"image\/jpeg\" \/>\n<meta name=\"author\" content=\"Eli\" \/>\n<meta name=\"twitter:card\" content=\"summary_large_image\" \/>\n<meta name=\"twitter:label1\" content=\"Written by\" \/>\n\t<meta name=\"twitter:data1\" content=\"Eli\" \/>\n\t<meta name=\"twitter:label2\" content=\"Estimated reading time\" \/>\n\t<meta name=\"twitter:data2\" content=\"6 minutes\" \/>\n<script type=\"application\/ld+json\" class=\"yoast-schema-graph\">{\"@context\":\"https:\\\/\\\/schema.org\",\"@graph\":[{\"@type\":\"Article\",\"@id\":\"https:\\\/\\\/www.muatsdrawig.at\\\/urlaub-ausflug-2023-messe-wels-oberoesterreich#article\",\"isPartOf\":{\"@id\":\"https:\\\/\\\/www.muatsdrawig.at\\\/urlaub-ausflug-2023-messe-wels-oberoesterreich\"},\"author\":{\"name\":\"Eli\",\"@id\":\"https:\\\/\\\/www.muatsdrawig.at\\\/#\\\/schema\\\/person\\\/07163a9b0431f17789c009cb76409673\"},\"headline\":\"&#8222;Urlaub &#038; Ausflug 2023&#8220; Messe in Wels, Ober\u00f6sterreich\",\"datePublished\":\"2023-04-13T03:55:58+00:00\",\"dateModified\":\"2026-01-01T22:12:32+00:00\",\"mainEntityOfPage\":{\"@id\":\"https:\\\/\\\/www.muatsdrawig.at\\\/urlaub-ausflug-2023-messe-wels-oberoesterreich\"},\"wordCount\":846,\"commentCount\":0,\"publisher\":{\"@id\":\"https:\\\/\\\/www.muatsdrawig.at\\\/#organization\"},\"image\":{\"@id\":\"https:\\\/\\\/www.muatsdrawig.at\\\/urlaub-ausflug-2023-messe-wels-oberoesterreich#primaryimage\"},\"thumbnailUrl\":\"https:\\\/\\\/i0.wp.com\\\/www.muatsdrawig.at\\\/wp-content\\\/uploads\\\/2023\\\/04\\\/Urlaub_Freizeit_Messe_2023_12.jpg?fit=2048%2C1365&ssl=1\",\"keywords\":[\"ausflug messe\",\"ausflug messe wels\",\"freizeitmesse\",\"messe ober\u00f6sterreich\",\"Messe Wels\",\"urlaub ausflug messe\",\"urlaub messe\",\"urlaub messe wels\",\"urlaub und ausflug messe wels\",\"urlaubsmesse\",\"urlaubsmesse wels\",\"veranstaltungen ober\u00f6sterreich\"],\"articleSection\":[\"Events &amp; Veranstaltungen\",\"Ober\u00f6sterreich\"],\"inLanguage\":\"en-GB\",\"potentialAction\":[{\"@type\":\"CommentAction\",\"name\":\"Comment\",\"target\":[\"https:\\\/\\\/www.muatsdrawig.at\\\/urlaub-ausflug-2023-messe-wels-oberoesterreich#respond\"]}]},{\"@type\":\"WebPage\",\"@id\":\"https:\\\/\\\/www.muatsdrawig.at\\\/urlaub-ausflug-2023-messe-wels-oberoesterreich\",\"url\":\"https:\\\/\\\/www.muatsdrawig.at\\\/urlaub-ausflug-2023-messe-wels-oberoesterreich\",\"name\":\"\\\"Urlaub & Ausflug 2023\\\" Messe in Wels, Ober\u00f6sterreich\",\"isPartOf\":{\"@id\":\"https:\\\/\\\/www.muatsdrawig.at\\\/#website\"},\"primaryImageOfPage\":{\"@id\":\"https:\\\/\\\/www.muatsdrawig.at\\\/urlaub-ausflug-2023-messe-wels-oberoesterreich#primaryimage\"},\"image\":{\"@id\":\"https:\\\/\\\/www.muatsdrawig.at\\\/urlaub-ausflug-2023-messe-wels-oberoesterreich#primaryimage\"},\"thumbnailUrl\":\"https:\\\/\\\/i0.wp.com\\\/www.muatsdrawig.at\\\/wp-content\\\/uploads\\\/2023\\\/04\\\/Urlaub_Freizeit_Messe_2023_12.jpg?fit=2048%2C1365&ssl=1\",\"datePublished\":\"2023-04-13T03:55:58+00:00\",\"dateModified\":\"2026-01-01T22:12:32+00:00\",\"description\":\"Als Freizeitblog aus Ober\u00f6sterreich haben wir nat\u00fcrlich Ober\u00f6sterreichs beliebteste Freizeitmesse \u26fa\ufe0f \\\"Urlaub & Ausflug 2023\\\" in Wels besucht.\",\"breadcrumb\":{\"@id\":\"https:\\\/\\\/www.muatsdrawig.at\\\/urlaub-ausflug-2023-messe-wels-oberoesterreich#breadcrumb\"},\"inLanguage\":\"en-GB\",\"potentialAction\":[{\"@type\":\"ReadAction\",\"target\":[\"https:\\\/\\\/www.muatsdrawig.at\\\/urlaub-ausflug-2023-messe-wels-oberoesterreich\"]}]},{\"@type\":\"ImageObject\",\"inLanguage\":\"en-GB\",\"@id\":\"https:\\\/\\\/www.muatsdrawig.at\\\/urlaub-ausflug-2023-messe-wels-oberoesterreich#primaryimage\",\"url\":\"https:\\\/\\\/i0.wp.com\\\/www.muatsdrawig.at\\\/wp-content\\\/uploads\\\/2023\\\/04\\\/Urlaub_Freizeit_Messe_2023_12.jpg?fit=2048%2C1365&ssl=1\",\"contentUrl\":\"https:\\\/\\\/i0.wp.com\\\/www.muatsdrawig.at\\\/wp-content\\\/uploads\\\/2023\\\/04\\\/Urlaub_Freizeit_Messe_2023_12.jpg?fit=2048%2C1365&ssl=1\",\"width\":2048,\"height\":1365,\"caption\":\"Beitragsbild \\\"Urlaub & Ausflug 2023\\\" Messe in Wels, Ober\u00f6sterreich\"},{\"@type\":\"BreadcrumbList\",\"@id\":\"https:\\\/\\\/www.muatsdrawig.at\\\/urlaub-ausflug-2023-messe-wels-oberoesterreich#breadcrumb\",\"itemListElement\":[{\"@type\":\"ListItem\",\"position\":1,\"name\":\"Startseite\",\"item\":\"https:\\\/\\\/www.muatsdrawig.at\\\/\"},{\"@type\":\"ListItem\",\"position\":2,\"name\":\"&#8222;Urlaub &#038; Ausflug 2023&#8220; Messe in Wels, Ober\u00f6sterreich\"}]},{\"@type\":\"WebSite\",\"@id\":\"https:\\\/\\\/www.muatsdrawig.at\\\/#website\",\"url\":\"https:\\\/\\\/www.muatsdrawig.at\\\/\",\"name\":\"muats drawig\",\"description\":\"Dein Freizeitblog f\u00fcr Ausflugstipps und vegane Vielfalt in \u00d6sterreich\",\"publisher\":{\"@id\":\"https:\\\/\\\/www.muatsdrawig.at\\\/#organization\"},\"potentialAction\":[{\"@type\":\"SearchAction\",\"target\":{\"@type\":\"EntryPoint\",\"urlTemplate\":\"https:\\\/\\\/www.muatsdrawig.at\\\/?s={search_term_string}\"},\"query-input\":{\"@type\":\"PropertyValueSpecification\",\"valueRequired\":true,\"valueName\":\"search_term_string\"}}],\"inLanguage\":\"en-GB\"},{\"@type\":\"Organization\",\"@id\":\"https:\\\/\\\/www.muatsdrawig.at\\\/#organization\",\"name\":\"muats drawig\",\"url\":\"https:\\\/\\\/www.muatsdrawig.at\\\/\",\"logo\":{\"@type\":\"ImageObject\",\"inLanguage\":\"en-GB\",\"@id\":\"https:\\\/\\\/www.muatsdrawig.at\\\/#\\\/schema\\\/logo\\\/image\\\/\",\"url\":\"https:\\\/\\\/i0.wp.com\\\/www.muatsdrawig.at\\\/wp-content\\\/uploads\\\/2022\\\/08\\\/Logo-quer-transparent-header.png?fit=2467%2C724&ssl=1\",\"contentUrl\":\"https:\\\/\\\/i0.wp.com\\\/www.muatsdrawig.at\\\/wp-content\\\/uploads\\\/2022\\\/08\\\/Logo-quer-transparent-header.png?fit=2467%2C724&ssl=1\",\"width\":2467,\"height\":724,\"caption\":\"muats drawig\"},\"image\":{\"@id\":\"https:\\\/\\\/www.muatsdrawig.at\\\/#\\\/schema\\\/logo\\\/image\\\/\"}},{\"@type\":\"Person\",\"@id\":\"https:\\\/\\\/www.muatsdrawig.at\\\/#\\\/schema\\\/person\\\/07163a9b0431f17789c009cb76409673\",\"name\":\"Eli\",\"image\":{\"@type\":\"ImageObject\",\"inLanguage\":\"en-GB\",\"@id\":\"https:\\\/\\\/secure.gravatar.com\\\/avatar\\\/a9158106ed6fba887a5b8be10dcfe3c7b3bafee0055e9f42d66b29b709754ed7?s=96&d=mm&r=g\",\"url\":\"https:\\\/\\\/secure.gravatar.com\\\/avatar\\\/a9158106ed6fba887a5b8be10dcfe3c7b3bafee0055e9f42d66b29b709754ed7?s=96&d=mm&r=g\",\"contentUrl\":\"https:\\\/\\\/secure.gravatar.com\\\/avatar\\\/a9158106ed6fba887a5b8be10dcfe3c7b3bafee0055e9f42d66b29b709754ed7?s=96&d=mm&r=g\",\"caption\":\"Eli\"},\"description\":\"Als humorvoller Kumpel, der die lustigen und sch\u00f6nen Dinge im Leben sch\u00e4tzt, immer muats drawig ist und vieles glaubt besser zu wissen, manage ich den Hobbyblog f\u00fcr alle Outdoor- &amp; Freizeitbegeisterten. \ud83d\ude04\",\"sameAs\":[\"http:\\\/\\\/www.dareshouri.at\",\"https:\\\/\\\/www.instagram.com\\\/muatsdrawig.at\"],\"url\":\"https:\\\/\\\/www.muatsdrawig.at\\\/en\\\/author\\\/elyas\"}]}<\/script>\n<!-- \/ Yoast SEO plugin. -->","yoast_head_json":{"title":"\"Holiday &amp; Excursion 2023\" trade fair in Wels, Upper Austria","description":"As a leisure blog from Upper Austria, we naturally visited Upper Austria's most popular leisure fair \u26fa\ufe0f \"Urlaub &amp; Ausflug 2023\" in Wels.","robots":{"index":"index","follow":"follow","max-snippet":"max-snippet:-1","max-image-preview":"max-image-preview:large","max-video-preview":"max-video-preview:-1"},"canonical":"https:\/\/www.muatsdrawig.at\/en\/holiday-excursion-2023-fair-wels-upper-austria\/","og_locale":"en_GB","og_type":"article","og_title":"\"Urlaub & Ausflug 2023\" Messe in Wels, Ober\u00f6sterreich","og_description":"Als Freizeitblog aus Ober\u00f6sterreich haben wir nat\u00fcrlich Ober\u00f6sterreichs beliebteste Freizeitmesse \u26fa\ufe0f \"Urlaub & Ausflug 2023\" in Wels besucht.","og_url":"https:\/\/www.muatsdrawig.at\/en\/holiday-excursion-2023-fair-wels-upper-austria\/","og_site_name":"muats drawig","article_published_time":"2023-04-13T03:55:58+00:00","article_modified_time":"2026-01-01T22:12:32+00:00","og_image":[{"width":2048,"height":1365,"url":"https:\/\/www.muatsdrawig.at\/wp-content\/uploads\/2023\/04\/Urlaub_Freizeit_Messe_2023_12.jpg","type":"image\/jpeg"}],"author":"Eli","twitter_card":"summary_large_image","twitter_misc":{"Written by":"Eli","Estimated reading time":"6 minutes"},"schema":{"@context":"https:\/\/schema.org","@graph":[{"@type":"Article","@id":"https:\/\/www.muatsdrawig.at\/urlaub-ausflug-2023-messe-wels-oberoesterreich#article","isPartOf":{"@id":"https:\/\/www.muatsdrawig.at\/urlaub-ausflug-2023-messe-wels-oberoesterreich"},"author":{"name":"Eli","@id":"https:\/\/www.muatsdrawig.at\/#\/schema\/person\/07163a9b0431f17789c009cb76409673"},"headline":"&#8222;Urlaub &#038; Ausflug 2023&#8220; Messe in Wels, Ober\u00f6sterreich","datePublished":"2023-04-13T03:55:58+00:00","dateModified":"2026-01-01T22:12:32+00:00","mainEntityOfPage":{"@id":"https:\/\/www.muatsdrawig.at\/urlaub-ausflug-2023-messe-wels-oberoesterreich"},"wordCount":846,"commentCount":0,"publisher":{"@id":"https:\/\/www.muatsdrawig.at\/#organization"},"image":{"@id":"https:\/\/www.muatsdrawig.at\/urlaub-ausflug-2023-messe-wels-oberoesterreich#primaryimage"},"thumbnailUrl":"https:\/\/i0.wp.com\/www.muatsdrawig.at\/wp-content\/uploads\/2023\/04\/Urlaub_Freizeit_Messe_2023_12.jpg?fit=2048%2C1365&ssl=1","keywords":["ausflug messe","ausflug messe wels","freizeitmesse","messe ober\u00f6sterreich","Messe Wels","urlaub ausflug messe","urlaub messe","urlaub messe wels","urlaub und ausflug messe wels","urlaubsmesse","urlaubsmesse wels","veranstaltungen ober\u00f6sterreich"],"articleSection":["Events &amp; Veranstaltungen","Ober\u00f6sterreich"],"inLanguage":"en-GB","potentialAction":[{"@type":"CommentAction","name":"Comment","target":["https:\/\/www.muatsdrawig.at\/urlaub-ausflug-2023-messe-wels-oberoesterreich#respond"]}]},{"@type":"WebPage","@id":"https:\/\/www.muatsdrawig.at\/urlaub-ausflug-2023-messe-wels-oberoesterreich","url":"https:\/\/www.muatsdrawig.at\/urlaub-ausflug-2023-messe-wels-oberoesterreich","name":"\"Holiday &amp; Excursion 2023\" trade fair in Wels, Upper Austria","isPartOf":{"@id":"https:\/\/www.muatsdrawig.at\/#website"},"primaryImageOfPage":{"@id":"https:\/\/www.muatsdrawig.at\/urlaub-ausflug-2023-messe-wels-oberoesterreich#primaryimage"},"image":{"@id":"https:\/\/www.muatsdrawig.at\/urlaub-ausflug-2023-messe-wels-oberoesterreich#primaryimage"},"thumbnailUrl":"https:\/\/i0.wp.com\/www.muatsdrawig.at\/wp-content\/uploads\/2023\/04\/Urlaub_Freizeit_Messe_2023_12.jpg?fit=2048%2C1365&ssl=1","datePublished":"2023-04-13T03:55:58+00:00","dateModified":"2026-01-01T22:12:32+00:00","description":"As a leisure blog from Upper Austria, we naturally visited Upper Austria's most popular leisure fair \u26fa\ufe0f \"Urlaub &amp; Ausflug 2023\" in Wels.","breadcrumb":{"@id":"https:\/\/www.muatsdrawig.at\/urlaub-ausflug-2023-messe-wels-oberoesterreich#breadcrumb"},"inLanguage":"en-GB","potentialAction":[{"@type":"ReadAction","target":["https:\/\/www.muatsdrawig.at\/urlaub-ausflug-2023-messe-wels-oberoesterreich"]}]},{"@type":"ImageObject","inLanguage":"en-GB","@id":"https:\/\/www.muatsdrawig.at\/urlaub-ausflug-2023-messe-wels-oberoesterreich#primaryimage","url":"https:\/\/i0.wp.com\/www.muatsdrawig.at\/wp-content\/uploads\/2023\/04\/Urlaub_Freizeit_Messe_2023_12.jpg?fit=2048%2C1365&ssl=1","contentUrl":"https:\/\/i0.wp.com\/www.muatsdrawig.at\/wp-content\/uploads\/2023\/04\/Urlaub_Freizeit_Messe_2023_12.jpg?fit=2048%2C1365&ssl=1","width":2048,"height":1365,"caption":"Beitragsbild \"Urlaub & Ausflug 2023\" Messe in Wels, Ober\u00f6sterreich"},{"@type":"BreadcrumbList","@id":"https:\/\/www.muatsdrawig.at\/urlaub-ausflug-2023-messe-wels-oberoesterreich#breadcrumb","itemListElement":[{"@type":"ListItem","position":1,"name":"Startseite","item":"https:\/\/www.muatsdrawig.at\/"},{"@type":"ListItem","position":2,"name":"&#8222;Urlaub &#038; Ausflug 2023&#8220; Messe in Wels, Ober\u00f6sterreich"}]},{"@type":"WebSite","@id":"https:\/\/www.muatsdrawig.at\/#website","url":"https:\/\/www.muatsdrawig.at\/","name":"muats drawig","description":"Your leisure blog for excursion tips and vegan diversity in Austria","publisher":{"@id":"https:\/\/www.muatsdrawig.at\/#organization"},"potentialAction":[{"@type":"SearchAction","target":{"@type":"EntryPoint","urlTemplate":"https:\/\/www.muatsdrawig.at\/?s={search_term_string}"},"query-input":{"@type":"PropertyValueSpecification","valueRequired":true,"valueName":"search_term_string"}}],"inLanguage":"en-GB"},{"@type":"Organization","@id":"https:\/\/www.muatsdrawig.at\/#organization","name":"muats drawig","url":"https:\/\/www.muatsdrawig.at\/","logo":{"@type":"ImageObject","inLanguage":"en-GB","@id":"https:\/\/www.muatsdrawig.at\/#\/schema\/logo\/image\/","url":"https:\/\/i0.wp.com\/www.muatsdrawig.at\/wp-content\/uploads\/2022\/08\/Logo-quer-transparent-header.png?fit=2467%2C724&ssl=1","contentUrl":"https:\/\/i0.wp.com\/www.muatsdrawig.at\/wp-content\/uploads\/2022\/08\/Logo-quer-transparent-header.png?fit=2467%2C724&ssl=1","width":2467,"height":724,"caption":"muats drawig"},"image":{"@id":"https:\/\/www.muatsdrawig.at\/#\/schema\/logo\/image\/"}},{"@type":"Person","@id":"https:\/\/www.muatsdrawig.at\/#\/schema\/person\/07163a9b0431f17789c009cb76409673","name":"Eli","image":{"@type":"ImageObject","inLanguage":"en-GB","@id":"https:\/\/secure.gravatar.com\/avatar\/a9158106ed6fba887a5b8be10dcfe3c7b3bafee0055e9f42d66b29b709754ed7?s=96&d=mm&r=g","url":"https:\/\/secure.gravatar.com\/avatar\/a9158106ed6fba887a5b8be10dcfe3c7b3bafee0055e9f42d66b29b709754ed7?s=96&d=mm&r=g","contentUrl":"https:\/\/secure.gravatar.com\/avatar\/a9158106ed6fba887a5b8be10dcfe3c7b3bafee0055e9f42d66b29b709754ed7?s=96&d=mm&r=g","caption":"Eli"},"description":"As a humorous mate who appreciates the funny and beautiful things in life, is always muats drawig and thinks he knows a lot of things better, I manage the hobby blog for all outdoor &amp; leisure enthusiasts. \ud83d\ude04","sameAs":["http:\/\/www.dareshouri.at","https:\/\/www.instagram.com\/muatsdrawig.at"],"url":"https:\/\/www.muatsdrawig.at\/en\/author\/elyas"}]}},"jetpack_publicize_connections":[],"jetpack_featured_media_url":"https:\/\/i0.wp.com\/www.muatsdrawig.at\/wp-content\/uploads\/2023\/04\/Urlaub_Freizeit_Messe_2023_12.jpg?fit=2048%2C1365&ssl=1","jetpack_sharing_enabled":true,"jetpack_likes_enabled":true,"_links":{"self":[{"href":"https:\/\/www.muatsdrawig.at\/en\/wp-json\/wp\/v2\/posts\/4429","targetHints":{"allow":["GET"]}}],"collection":[{"href":"https:\/\/www.muatsdrawig.at\/en\/wp-json\/wp\/v2\/posts"}],"about":[{"href":"https:\/\/www.muatsdrawig.at\/en\/wp-json\/wp\/v2\/types\/post"}],"author":[{"embeddable":true,"href":"https:\/\/www.muatsdrawig.at\/en\/wp-json\/wp\/v2\/users\/1"}],"replies":[{"embeddable":true,"href":"https:\/\/www.muatsdrawig.at\/en\/wp-json\/wp\/v2\/comments?post=4429"}],"version-history":[{"count":24,"href":"https:\/\/www.muatsdrawig.at\/en\/wp-json\/wp\/v2\/posts\/4429\/revisions"}],"predecessor-version":[{"id":7861,"href":"https:\/\/www.muatsdrawig.at\/en\/wp-json\/wp\/v2\/posts\/4429\/revisions\/7861"}],"wp:featuredmedia":[{"embeddable":true,"href":"https:\/\/www.muatsdrawig.at\/en\/wp-json\/wp\/v2\/media\/4448"}],"wp:attachment":[{"href":"https:\/\/www.muatsdrawig.at\/en\/wp-json\/wp\/v2\/media?parent=4429"}],"wp:term":[{"taxonomy":"category","embeddable":true,"href":"https:\/\/www.muatsdrawig.at\/en\/wp-json\/wp\/v2\/categories?post=4429"},{"taxonomy":"post_tag","embeddable":true,"href":"https:\/\/www.muatsdrawig.at\/en\/wp-json\/wp\/v2\/tags?post=4429"}],"curies":[{"name":"wp","href":"https:\/\/api.w.org\/{rel}","templated":true}]}}