{"id":4221,"date":"2023-03-24T05:55:10","date_gmt":"2023-03-24T04:55:10","guid":{"rendered":"https:\/\/www.muatsdrawig.at\/?p=4221"},"modified":"2026-01-01T23:12:12","modified_gmt":"2026-01-01T22:12:12","slug":"hike-to-the-eisenaueralm-via-the-burggrabenklamm-gorge","status":"publish","type":"post","link":"https:\/\/www.muatsdrawig.at\/en\/wanderung-auf-die-eisenaueralm-ueber-die-burggrabenklamm","title":{"rendered":"Hike to the Eisenaueralm via the Burggrabenklamm gorge"},"content":{"rendered":"<h2>The hike to the Eisenaueralm via the Burggrabenklamm gorge is a wonderful route. Not the first time I've done this route, but the first time in winter. In the following article, I would like to tell you what the tour was like in snowfall and sub-zero temperatures and whether I can recommend it.<\/h2>\n<p>In the warmer months, the hike up to the Eisenaueralm is simply fantastic - it's not on my to-do list every year for nothing. On narrow paths and over bridges, you hike along the Burggrabenklamm gorge to the top - where a relaxed final spurt to the huts awaits you. I have already enjoyed this view several times, but I really wanted to see it in winter - a white Eisenaueralm. I'll tell you what the winter tour was like for me at the very end in my winter summary.<\/p>\n<h3>&nbsp;<\/h3>\n<h3>Directions and parking facilities<\/h3>\n<p>The easiest way to get to Eisenau is to take the A1 motorway, whether coming from Vienna\/Linz or Salzburg, as far as the Seewalchen exit. From here, drive in the direction of Weyregg. After about 30 minutes you will arrive in Wei\u00dfenbach am Attersee, from where it is not far to Burgbachau - where our destination is located. Shortly after the Burggrabenklamm canyoning gorge above the Klammbach stream, there is a small car park where I always try my luck. I think there are also car parks at the canyoning building, but as I never park there, I'll check again next time.<\/p>\n<h3>&nbsp;<\/h3>\n<h3>Route description - Hike to the Eisenaueralm<\/h3>\n<h4>&nbsp;<\/h4>\n<h4>Burggraben Gorge<\/h4>\n<p>The hike starts with a beautiful forest path that leads us to the start. You gradually make your way up over high rocks and steps. The first kilometre is the most strenuous for me, although it's not even that steep, but personally I just prefer normal forest paths. I'm always happy when this first part is done. After that, there is a lovely narrow path along the gorge.<\/p>\n<p>Those with a fear of heights should perhaps think twice about this route to the Eisenaueralm. Although there are mostly wire ropes to hold on to, you should be sure-footed. The trail continues over a small bridge, which offers you a wonderful view of the gorge and a waterfall visible in the distance. Be sure to stop here briefly and enjoy. A small forest path follows, which takes you the last stretch to the forest road, from where you then follow the alpine pasture to the huts.<\/p>\n<p>&nbsp;<\/p>\n<h4>The mountain pasture<\/h4>\n<p><img data-recalc-dims=\"1\" fetchpriority=\"high\" decoding=\"async\" class=\"wp-image-4240 alignright\" src=\"https:\/\/i0.wp.com\/www.muatsdrawig.at\/wp-content\/uploads\/2023\/03\/82CCB5C1-75CB-426F-ABF9-9376116FC80B.jpeg?resize=500%2C333&#038;ssl=1\" alt=\"\" width=\"500\" height=\"333\" srcset=\"https:\/\/i0.wp.com\/www.muatsdrawig.at\/wp-content\/uploads\/2023\/03\/82CCB5C1-75CB-426F-ABF9-9376116FC80B.jpeg?w=2000&amp;ssl=1 2000w, https:\/\/i0.wp.com\/www.muatsdrawig.at\/wp-content\/uploads\/2023\/03\/82CCB5C1-75CB-426F-ABF9-9376116FC80B.jpeg?resize=300%2C200&amp;ssl=1 300w, https:\/\/i0.wp.com\/www.muatsdrawig.at\/wp-content\/uploads\/2023\/03\/82CCB5C1-75CB-426F-ABF9-9376116FC80B.jpeg?resize=1024%2C682&amp;ssl=1 1024w, https:\/\/i0.wp.com\/www.muatsdrawig.at\/wp-content\/uploads\/2023\/03\/82CCB5C1-75CB-426F-ABF9-9376116FC80B.jpeg?resize=768%2C512&amp;ssl=1 768w, https:\/\/i0.wp.com\/www.muatsdrawig.at\/wp-content\/uploads\/2023\/03\/82CCB5C1-75CB-426F-ABF9-9376116FC80B.jpeg?resize=1536%2C1024&amp;ssl=1 1536w\" sizes=\"(max-width: 500px) 100vw, 500px\" \/>From here it gets cosy and believe me, you will be fascinated by the view up there. So enjoy this part of the hike to the Eisenaueralm and take your time. At the beginning of the forest road, the path is still slightly uphill and leads you through the trees to a \u201epasture gate\u201c. In the warmer months, you may encounter grazing cattle all along the way. What follows is little to no metres in altitude and a decision that you now have to make. You can continue along the forest road to the huts or keep to the right and take the path through the forest - as I always do. Just over a kilometre to go and you've reached your destination. You've really earned a stop at the huts and everything tastes so much better with a view of the Schafberg.<\/p>\n<h4>Brief key data<\/h4>\n<p>These dates correspond to the hike as I normally do it. On the Komoottour shown below, you can see that we took a different route back due to the wintry conditions. As a result, the duration and number of kilometres of our tour do not match these key data.<\/p>\n<ul>\n<li>\u2705Highest point 1030 m<\/li>\n<li>\u2705circa 700 metres in altitude&nbsp;<\/li>\n<li>\u2705A distance of around 11 kilometres<\/li>\n<li>\u2705A pure walking time of 3.5 - 4.5 hours<\/li>\n<li>\u2705Refreshment stops available (Buchbergh\u00fctte &amp; Kienbergh\u00fctte)<\/li>\n<li>\u2705A beautiful cycle tour via the forest road<\/li>\n<li>Suitable for dogs<\/li>\n<li>\u26a0\ufe0fFestes Footwear<\/li>\n<li>\u26a0\ufe0fTrittsicherheit &amp; head for heights<\/li>\n<li>\u26a0\ufe0fWeidevieh available<\/li>\n<li>\u26d4\ufe0f not possible with a pushchair<\/li>\n<\/ul>\n<p><em><span style=\"font-size: 10pt;\">\u26a0\ufe0f ATTENTION: We expressly point out that we accept no liability for accidents or possibly closed trails. Before hiking, check the availability of the trail and reflect on your own fitness.<\/span><\/em><\/p>\n<h3>&nbsp;<\/h3>\n<h3>Refreshment stops on the hike to the Eisenaueralm<\/h3>\n<h4>&nbsp;<\/h4>\n<h4>The Kienbergh\u00fctte<\/h4>\n<p>Opens in May <a href=\"https:\/\/wolfgangsee.salzkammergut.at\/oesterreich-gastronomie\/detail\/100970\/kienberghuette-eisenaualm.html\" target=\"_blank\" rel=\"noopener\">the Kienbergh\u00fctte<\/a> opens its doors for you again and is available for refreshments every day from 09:00 until October. Except Thursday - this is a well-deserved day off.<\/p>\n<h4>The Buchbergh\u00fctte<\/h4>\n<p>Even with <a href=\"https:\/\/wolfgangsee.salzkammergut.at\/oesterreich-gastronomie\/detail\/103154\/buchberghuette-eisenaualm.html\" target=\"_blank\" rel=\"noopener\">the Buchbergh\u00fctte<\/a> the season starts again in May.<\/p>\n<p><strong>The current opening hours:&nbsp;<\/strong>Status February 2023<\/p>\n<ul>\n<li>May, June &amp; September - Tuesday to Sunday from 10:00 - 19:00 (Monday closed)<\/li>\n<li>July &amp; August daily from 09:00 - 19:00<\/li>\n<li>October from Thursday to Sunday from 10:00 - 18:00<\/li>\n<\/ul>\n<h3>&nbsp;<\/h3>\n<h3>My general conclusion about this hike<\/h3>\n<p>As you can easily hear from my raving about this tour, I am a huge fan of the Eisenau. No matter how many times I go there, I will always be fascinated by it. The beautiful path along the gorge, the marvellous alpine pasture and the great places to stop for refreshments. Gravel paths, forest tracks, forest roads - this hike is so multi-faceted that you completely forget the effort. I will be travelling to the Eisenaueralm at least once a year in the future. If you haven't been to this destination before, I can only recommend that you visit the Eisenaueralm this year.<\/p>\n<p>&nbsp;<\/p>\n<h3>The \u201ewintry\u201c conclusion to the hike to the Eisenaueralm<\/h3>\n<p><img data-recalc-dims=\"1\" decoding=\"async\" class=\"wp-image-4235 alignleft\" src=\"https:\/\/i0.wp.com\/www.muatsdrawig.at\/wp-content\/uploads\/2023\/03\/8A902CF4-CB56-4736-A124-5ECD0D457442.jpeg?resize=499%2C333&#038;ssl=1\" alt=\"\" width=\"499\" height=\"333\" srcset=\"https:\/\/i0.wp.com\/www.muatsdrawig.at\/wp-content\/uploads\/2023\/03\/8A902CF4-CB56-4736-A124-5ECD0D457442.jpeg?w=2000&amp;ssl=1 2000w, https:\/\/i0.wp.com\/www.muatsdrawig.at\/wp-content\/uploads\/2023\/03\/8A902CF4-CB56-4736-A124-5ECD0D457442.jpeg?resize=300%2C200&amp;ssl=1 300w, https:\/\/i0.wp.com\/www.muatsdrawig.at\/wp-content\/uploads\/2023\/03\/8A902CF4-CB56-4736-A124-5ECD0D457442.jpeg?resize=1024%2C682&amp;ssl=1 1024w, https:\/\/i0.wp.com\/www.muatsdrawig.at\/wp-content\/uploads\/2023\/03\/8A902CF4-CB56-4736-A124-5ECD0D457442.jpeg?resize=768%2C512&amp;ssl=1 768w, https:\/\/i0.wp.com\/www.muatsdrawig.at\/wp-content\/uploads\/2023\/03\/8A902CF4-CB56-4736-A124-5ECD0D457442.jpeg?resize=1536%2C1024&amp;ssl=1 1536w\" sizes=\"(max-width: 499px) 100vw, 499px\" \/>One day I wanted to see the Eisenau with snow. Covered in white, bright sunshine - simply a perfect winter's day on the mountain pasture. Was it fantastic up there? - Yes, absolutely - one of the most beautiful views I've ever had. Would I recommend it to you in winter via the Burggrabenklamm gorge? - No, definitely not! As you can see from my Komoot recording, we took a huge diversions. Why? Firstly, because the path along the Burggrabenalm was partly covered in snow and in places covered in a layer of ice. Secondly, there was over a metre of snow at the top - slightly frozen and we sank knee-deep into it with every step. It took us over an hour to cover the last 1.5 kilometres, which normally takes 20-30 minutes. I really reached my limits. Sinking into the snow not only wore me out physically, but was also annoying - which meant even more effort for me.<\/p>\n<p>We therefore opted for a different forest road for the way back. This was cleared and we could walk down without any problems. The only disadvantage here was that it was an extra 11 kilometres. About twice as much as the outward journey. But if you still say you would like to do the hike to the Eisenaueralm in winter because you don't want to miss out on this view, then don't do it via the Burggrabenklamm. Use the forest road that we took for our way back, which is usually cleared. Find out beforehand how much snow there is and whether it makes sense at all. And most importantly: don't put yourself in dangerous situations, but rather turn round and avoid this sight - your health always comes first.&nbsp;<\/p>\n<h3>&nbsp;<\/h3>\n<h3>Here is the tour to follow yourself on Komoot<\/h3>\n<p><iframe src=\"https:\/\/www.komoot.de\/tour\/1058668845\/embed?profile=1\" width=\"100%\" height=\"700\" frameborder=\"0\" scrolling=\"no\"><\/iframe>&nbsp;<\/p>\n<p>One excursion destination that I can also recommend for the winter is the <a href=\"https:\/\/www.muatsdrawig.at\/en\/hike-up-the-ameisstein-and-around-the-almsee\/\" target=\"_blank\" rel=\"noopener\">Hike up the Ameisstein and around the Almsee lake<\/a>.<\/p>","protected":false},"excerpt":{"rendered":"<p>Die Wanderung auf die Eisenaueralm \u00fcber die Burggrabenklamm ist ein wundersch\u00f6ner Weg. Nicht das erste Mal, dass ich diese Route bestreite, aber das erste Mal im Winter. Wie die Tour bei Schneefall und Minusgraden war und ob ich es weiterempfehlen kann, m\u00f6chte ich dir im folgenden Beitrag erz\u00e4hlen. In den warmen Monaten ist die Wanderung [&hellip;]<\/p>\n","protected":false},"author":2,"featured_media":4245,"comment_status":"open","ping_status":"open","sticky":false,"template":"","format":"standard","meta":{"_acf_changed":false,"jetpack_post_was_ever_published":false,"_jetpack_newsletter_access":"","_jetpack_dont_email_post_to_subs":false,"_jetpack_newsletter_tier_id":0,"_jetpack_memberships_contains_paywalled_content":false,"_jetpack_memberships_contains_paid_content":false,"footnotes":"","jetpack_publicize_message":"","jetpack_publicize_feature_enabled":true,"jetpack_social_post_already_shared":true,"jetpack_social_options":{"image_generator_settings":{"template":"highway","default_image_id":0,"font":"","enabled":false},"version":2},"_wpas_customize_per_network":false},"categories":[45,38,43],"tags":[273,274,272,176,253,66],"class_list":["post-4221","post","type-post","status-publish","format-standard","has-post-thumbnail","hentry","category-ausflugstipps","category-oberoesterreich","category-wandern","tag-attersee","tag-burggrabenklamm","tag-eisenau","tag-hiking","tag-outdoor","tag-wandern"],"acf":[],"yoast_head":"<!-- This site is optimized with the Yoast SEO plugin v27.5 - https:\/\/yoast.com\/product\/yoast-seo-wordpress\/ -->\n<title>Wanderung auf die Eisenaueralm \u00fcber die Burggrabenklamm -<\/title>\n<meta name=\"description\" content=\"Die Wanderung auf die Eisenaueralm \u00fcber die Burggrabenklamm - auch im Winter m\u00f6glich? Ich habe es versucht und hier ist mein Fazit.\" \/>\n<meta name=\"robots\" content=\"index, follow, max-snippet:-1, max-image-preview:large, max-video-preview:-1\" \/>\n<link rel=\"canonical\" href=\"https:\/\/www.muatsdrawig.at\/en\/hike-to-the-eisenaueralm-via-the-burggrabenklamm-gorge\/\" \/>\n<meta property=\"og:locale\" content=\"en_GB\" \/>\n<meta property=\"og:type\" content=\"article\" \/>\n<meta property=\"og:title\" content=\"Wanderung auf die Eisenaueralm \u00fcber die Burggrabenklamm -\" \/>\n<meta property=\"og:description\" content=\"Die Wanderung auf die Eisenaueralm \u00fcber die Burggrabenklamm - auch im Winter m\u00f6glich? Ich habe es versucht und hier ist mein Fazit.\" \/>\n<meta property=\"og:url\" content=\"https:\/\/www.muatsdrawig.at\/en\/hike-to-the-eisenaueralm-via-the-burggrabenklamm-gorge\/\" \/>\n<meta property=\"og:site_name\" content=\"muats drawig\" \/>\n<meta property=\"article:published_time\" content=\"2023-03-24T04:55:10+00:00\" \/>\n<meta property=\"article:modified_time\" content=\"2026-01-01T22:12:12+00:00\" \/>\n<meta property=\"og:image\" content=\"https:\/\/www.muatsdrawig.at\/wp-content\/uploads\/2023\/03\/33350F98-2C00-4A2B-888C-4A97886850D4.jpeg\" \/>\n\t<meta property=\"og:image:width\" content=\"2000\" \/>\n\t<meta property=\"og:image:height\" content=\"1333\" \/>\n\t<meta property=\"og:image:type\" content=\"image\/jpeg\" \/>\n<meta name=\"author\" content=\"Michael\" \/>\n<meta name=\"twitter:card\" content=\"summary_large_image\" \/>\n<meta name=\"twitter:label1\" content=\"Written by\" \/>\n\t<meta name=\"twitter:data1\" content=\"Michael\" \/>\n\t<meta name=\"twitter:label2\" content=\"Estimated reading time\" \/>\n\t<meta name=\"twitter:data2\" content=\"8 minutes\" \/>\n<script type=\"application\/ld+json\" class=\"yoast-schema-graph\">{\"@context\":\"https:\\\/\\\/schema.org\",\"@graph\":[{\"@type\":\"Article\",\"@id\":\"https:\\\/\\\/www.muatsdrawig.at\\\/wanderung-auf-die-eisenaueralm-ueber-die-burggrabenklamm#article\",\"isPartOf\":{\"@id\":\"https:\\\/\\\/www.muatsdrawig.at\\\/wanderung-auf-die-eisenaueralm-ueber-die-burggrabenklamm\"},\"author\":{\"name\":\"Michael\",\"@id\":\"https:\\\/\\\/www.muatsdrawig.at\\\/#\\\/schema\\\/person\\\/6a5fe4ce4a9cf4b4a74391ead8d9302e\"},\"headline\":\"Wanderung auf die Eisenaueralm \u00fcber die Burggrabenklamm\",\"datePublished\":\"2023-03-24T04:55:10+00:00\",\"dateModified\":\"2026-01-01T22:12:12+00:00\",\"mainEntityOfPage\":{\"@id\":\"https:\\\/\\\/www.muatsdrawig.at\\\/wanderung-auf-die-eisenaueralm-ueber-die-burggrabenklamm\"},\"wordCount\":1278,\"commentCount\":0,\"publisher\":{\"@id\":\"https:\\\/\\\/www.muatsdrawig.at\\\/#organization\"},\"image\":{\"@id\":\"https:\\\/\\\/www.muatsdrawig.at\\\/wanderung-auf-die-eisenaueralm-ueber-die-burggrabenklamm#primaryimage\"},\"thumbnailUrl\":\"https:\\\/\\\/i0.wp.com\\\/www.muatsdrawig.at\\\/wp-content\\\/uploads\\\/2023\\\/03\\\/33350F98-2C00-4A2B-888C-4A97886850D4.jpeg?fit=2000%2C1333&ssl=1\",\"keywords\":[\"Attersee\",\"Burggrabenklamm\",\"Eisenau\",\"hiking\",\"outdoor\",\"Wandern\"],\"articleSection\":[\"Ausflugstipps\",\"Ober\u00f6sterreich\",\"Wandern\"],\"inLanguage\":\"en-GB\",\"potentialAction\":[{\"@type\":\"CommentAction\",\"name\":\"Comment\",\"target\":[\"https:\\\/\\\/www.muatsdrawig.at\\\/wanderung-auf-die-eisenaueralm-ueber-die-burggrabenklamm#respond\"]}]},{\"@type\":\"WebPage\",\"@id\":\"https:\\\/\\\/www.muatsdrawig.at\\\/wanderung-auf-die-eisenaueralm-ueber-die-burggrabenklamm\",\"url\":\"https:\\\/\\\/www.muatsdrawig.at\\\/wanderung-auf-die-eisenaueralm-ueber-die-burggrabenklamm\",\"name\":\"Wanderung auf die Eisenaueralm \u00fcber die Burggrabenklamm -\",\"isPartOf\":{\"@id\":\"https:\\\/\\\/www.muatsdrawig.at\\\/#website\"},\"primaryImageOfPage\":{\"@id\":\"https:\\\/\\\/www.muatsdrawig.at\\\/wanderung-auf-die-eisenaueralm-ueber-die-burggrabenklamm#primaryimage\"},\"image\":{\"@id\":\"https:\\\/\\\/www.muatsdrawig.at\\\/wanderung-auf-die-eisenaueralm-ueber-die-burggrabenklamm#primaryimage\"},\"thumbnailUrl\":\"https:\\\/\\\/i0.wp.com\\\/www.muatsdrawig.at\\\/wp-content\\\/uploads\\\/2023\\\/03\\\/33350F98-2C00-4A2B-888C-4A97886850D4.jpeg?fit=2000%2C1333&ssl=1\",\"datePublished\":\"2023-03-24T04:55:10+00:00\",\"dateModified\":\"2026-01-01T22:12:12+00:00\",\"description\":\"Die Wanderung auf die Eisenaueralm \u00fcber die Burggrabenklamm - auch im Winter m\u00f6glich? Ich habe es versucht und hier ist mein Fazit.\",\"breadcrumb\":{\"@id\":\"https:\\\/\\\/www.muatsdrawig.at\\\/wanderung-auf-die-eisenaueralm-ueber-die-burggrabenklamm#breadcrumb\"},\"inLanguage\":\"en-GB\",\"potentialAction\":[{\"@type\":\"ReadAction\",\"target\":[\"https:\\\/\\\/www.muatsdrawig.at\\\/wanderung-auf-die-eisenaueralm-ueber-die-burggrabenklamm\"]}]},{\"@type\":\"ImageObject\",\"inLanguage\":\"en-GB\",\"@id\":\"https:\\\/\\\/www.muatsdrawig.at\\\/wanderung-auf-die-eisenaueralm-ueber-die-burggrabenklamm#primaryimage\",\"url\":\"https:\\\/\\\/i0.wp.com\\\/www.muatsdrawig.at\\\/wp-content\\\/uploads\\\/2023\\\/03\\\/33350F98-2C00-4A2B-888C-4A97886850D4.jpeg?fit=2000%2C1333&ssl=1\",\"contentUrl\":\"https:\\\/\\\/i0.wp.com\\\/www.muatsdrawig.at\\\/wp-content\\\/uploads\\\/2023\\\/03\\\/33350F98-2C00-4A2B-888C-4A97886850D4.jpeg?fit=2000%2C1333&ssl=1\",\"width\":2000,\"height\":1333,\"caption\":\"Weg zu den H\u00fctten\"},{\"@type\":\"BreadcrumbList\",\"@id\":\"https:\\\/\\\/www.muatsdrawig.at\\\/wanderung-auf-die-eisenaueralm-ueber-die-burggrabenklamm#breadcrumb\",\"itemListElement\":[{\"@type\":\"ListItem\",\"position\":1,\"name\":\"Startseite\",\"item\":\"https:\\\/\\\/www.muatsdrawig.at\\\/\"},{\"@type\":\"ListItem\",\"position\":2,\"name\":\"Wanderung auf die Eisenaueralm \u00fcber die Burggrabenklamm\"}]},{\"@type\":\"WebSite\",\"@id\":\"https:\\\/\\\/www.muatsdrawig.at\\\/#website\",\"url\":\"https:\\\/\\\/www.muatsdrawig.at\\\/\",\"name\":\"muats drawig\",\"description\":\"Dein Freizeitblog f\u00fcr Ausflugstipps und vegane Vielfalt in \u00d6sterreich\",\"publisher\":{\"@id\":\"https:\\\/\\\/www.muatsdrawig.at\\\/#organization\"},\"potentialAction\":[{\"@type\":\"SearchAction\",\"target\":{\"@type\":\"EntryPoint\",\"urlTemplate\":\"https:\\\/\\\/www.muatsdrawig.at\\\/?s={search_term_string}\"},\"query-input\":{\"@type\":\"PropertyValueSpecification\",\"valueRequired\":true,\"valueName\":\"search_term_string\"}}],\"inLanguage\":\"en-GB\"},{\"@type\":\"Organization\",\"@id\":\"https:\\\/\\\/www.muatsdrawig.at\\\/#organization\",\"name\":\"muats drawig\",\"url\":\"https:\\\/\\\/www.muatsdrawig.at\\\/\",\"logo\":{\"@type\":\"ImageObject\",\"inLanguage\":\"en-GB\",\"@id\":\"https:\\\/\\\/www.muatsdrawig.at\\\/#\\\/schema\\\/logo\\\/image\\\/\",\"url\":\"https:\\\/\\\/i0.wp.com\\\/www.muatsdrawig.at\\\/wp-content\\\/uploads\\\/2022\\\/08\\\/Logo-quer-transparent-header.png?fit=2467%2C724&ssl=1\",\"contentUrl\":\"https:\\\/\\\/i0.wp.com\\\/www.muatsdrawig.at\\\/wp-content\\\/uploads\\\/2022\\\/08\\\/Logo-quer-transparent-header.png?fit=2467%2C724&ssl=1\",\"width\":2467,\"height\":724,\"caption\":\"muats drawig\"},\"image\":{\"@id\":\"https:\\\/\\\/www.muatsdrawig.at\\\/#\\\/schema\\\/logo\\\/image\\\/\"}},{\"@type\":\"Person\",\"@id\":\"https:\\\/\\\/www.muatsdrawig.at\\\/#\\\/schema\\\/person\\\/6a5fe4ce4a9cf4b4a74391ead8d9302e\",\"name\":\"Michael\",\"image\":{\"@type\":\"ImageObject\",\"inLanguage\":\"en-GB\",\"@id\":\"https:\\\/\\\/secure.gravatar.com\\\/avatar\\\/2d4915e2fe68cbc60fe066a74be2cf383493e7aa6e7d17db9e71223d3030f3f2?s=96&d=mm&r=g\",\"url\":\"https:\\\/\\\/secure.gravatar.com\\\/avatar\\\/2d4915e2fe68cbc60fe066a74be2cf383493e7aa6e7d17db9e71223d3030f3f2?s=96&d=mm&r=g\",\"contentUrl\":\"https:\\\/\\\/secure.gravatar.com\\\/avatar\\\/2d4915e2fe68cbc60fe066a74be2cf383493e7aa6e7d17db9e71223d3030f3f2?s=96&d=mm&r=g\",\"caption\":\"Michael\"},\"description\":\"Michael ist ein begabter Hobby-Fotograf, Vollblut Hundepapa und hat eine Vorliebe zu gest\u00f6rten Aktionen. Trips von Salzburg nach Jesolo mit \u00fcber 4000 H\u00f6henmeter mit dem Fahrrad sind f\u00fcr ihn ein Sonntagsausflug.\",\"sameAs\":[\"https:\\\/\\\/www.instagram.com\\\/x_wish.pics_x\\\/\"],\"url\":\"https:\\\/\\\/www.muatsdrawig.at\\\/en\\\/author\\\/wishpics\"}]}<\/script>\n<!-- \/ Yoast SEO plugin. -->","yoast_head_json":{"title":"Hike to the Eisenaueralm via the Burggrabenklamm gorge -","description":"The hike to the Eisenaueralm via the Burggrabenklamm gorge - is it also possible in winter? I tried it and here is my conclusion.","robots":{"index":"index","follow":"follow","max-snippet":"max-snippet:-1","max-image-preview":"max-image-preview:large","max-video-preview":"max-video-preview:-1"},"canonical":"https:\/\/www.muatsdrawig.at\/en\/hike-to-the-eisenaueralm-via-the-burggrabenklamm-gorge\/","og_locale":"en_GB","og_type":"article","og_title":"Wanderung auf die Eisenaueralm \u00fcber die Burggrabenklamm -","og_description":"Die Wanderung auf die Eisenaueralm \u00fcber die Burggrabenklamm - auch im Winter m\u00f6glich? Ich habe es versucht und hier ist mein Fazit.","og_url":"https:\/\/www.muatsdrawig.at\/en\/hike-to-the-eisenaueralm-via-the-burggrabenklamm-gorge\/","og_site_name":"muats drawig","article_published_time":"2023-03-24T04:55:10+00:00","article_modified_time":"2026-01-01T22:12:12+00:00","og_image":[{"width":2000,"height":1333,"url":"https:\/\/www.muatsdrawig.at\/wp-content\/uploads\/2023\/03\/33350F98-2C00-4A2B-888C-4A97886850D4.jpeg","type":"image\/jpeg"}],"author":"Michael","twitter_card":"summary_large_image","twitter_misc":{"Written by":"Michael","Estimated reading time":"8 minutes"},"schema":{"@context":"https:\/\/schema.org","@graph":[{"@type":"Article","@id":"https:\/\/www.muatsdrawig.at\/wanderung-auf-die-eisenaueralm-ueber-die-burggrabenklamm#article","isPartOf":{"@id":"https:\/\/www.muatsdrawig.at\/wanderung-auf-die-eisenaueralm-ueber-die-burggrabenklamm"},"author":{"name":"Michael","@id":"https:\/\/www.muatsdrawig.at\/#\/schema\/person\/6a5fe4ce4a9cf4b4a74391ead8d9302e"},"headline":"Wanderung auf die Eisenaueralm \u00fcber die Burggrabenklamm","datePublished":"2023-03-24T04:55:10+00:00","dateModified":"2026-01-01T22:12:12+00:00","mainEntityOfPage":{"@id":"https:\/\/www.muatsdrawig.at\/wanderung-auf-die-eisenaueralm-ueber-die-burggrabenklamm"},"wordCount":1278,"commentCount":0,"publisher":{"@id":"https:\/\/www.muatsdrawig.at\/#organization"},"image":{"@id":"https:\/\/www.muatsdrawig.at\/wanderung-auf-die-eisenaueralm-ueber-die-burggrabenklamm#primaryimage"},"thumbnailUrl":"https:\/\/i0.wp.com\/www.muatsdrawig.at\/wp-content\/uploads\/2023\/03\/33350F98-2C00-4A2B-888C-4A97886850D4.jpeg?fit=2000%2C1333&ssl=1","keywords":["Attersee","Burggrabenklamm","Eisenau","hiking","outdoor","Wandern"],"articleSection":["Ausflugstipps","Ober\u00f6sterreich","Wandern"],"inLanguage":"en-GB","potentialAction":[{"@type":"CommentAction","name":"Comment","target":["https:\/\/www.muatsdrawig.at\/wanderung-auf-die-eisenaueralm-ueber-die-burggrabenklamm#respond"]}]},{"@type":"WebPage","@id":"https:\/\/www.muatsdrawig.at\/wanderung-auf-die-eisenaueralm-ueber-die-burggrabenklamm","url":"https:\/\/www.muatsdrawig.at\/wanderung-auf-die-eisenaueralm-ueber-die-burggrabenklamm","name":"Hike to the Eisenaueralm via the Burggrabenklamm gorge -","isPartOf":{"@id":"https:\/\/www.muatsdrawig.at\/#website"},"primaryImageOfPage":{"@id":"https:\/\/www.muatsdrawig.at\/wanderung-auf-die-eisenaueralm-ueber-die-burggrabenklamm#primaryimage"},"image":{"@id":"https:\/\/www.muatsdrawig.at\/wanderung-auf-die-eisenaueralm-ueber-die-burggrabenklamm#primaryimage"},"thumbnailUrl":"https:\/\/i0.wp.com\/www.muatsdrawig.at\/wp-content\/uploads\/2023\/03\/33350F98-2C00-4A2B-888C-4A97886850D4.jpeg?fit=2000%2C1333&ssl=1","datePublished":"2023-03-24T04:55:10+00:00","dateModified":"2026-01-01T22:12:12+00:00","description":"The hike to the Eisenaueralm via the Burggrabenklamm gorge - is it also possible in winter? I tried it and here is my conclusion.","breadcrumb":{"@id":"https:\/\/www.muatsdrawig.at\/wanderung-auf-die-eisenaueralm-ueber-die-burggrabenklamm#breadcrumb"},"inLanguage":"en-GB","potentialAction":[{"@type":"ReadAction","target":["https:\/\/www.muatsdrawig.at\/wanderung-auf-die-eisenaueralm-ueber-die-burggrabenklamm"]}]},{"@type":"ImageObject","inLanguage":"en-GB","@id":"https:\/\/www.muatsdrawig.at\/wanderung-auf-die-eisenaueralm-ueber-die-burggrabenklamm#primaryimage","url":"https:\/\/i0.wp.com\/www.muatsdrawig.at\/wp-content\/uploads\/2023\/03\/33350F98-2C00-4A2B-888C-4A97886850D4.jpeg?fit=2000%2C1333&ssl=1","contentUrl":"https:\/\/i0.wp.com\/www.muatsdrawig.at\/wp-content\/uploads\/2023\/03\/33350F98-2C00-4A2B-888C-4A97886850D4.jpeg?fit=2000%2C1333&ssl=1","width":2000,"height":1333,"caption":"Weg zu den H\u00fctten"},{"@type":"BreadcrumbList","@id":"https:\/\/www.muatsdrawig.at\/wanderung-auf-die-eisenaueralm-ueber-die-burggrabenklamm#breadcrumb","itemListElement":[{"@type":"ListItem","position":1,"name":"Startseite","item":"https:\/\/www.muatsdrawig.at\/"},{"@type":"ListItem","position":2,"name":"Wanderung auf die Eisenaueralm \u00fcber die Burggrabenklamm"}]},{"@type":"WebSite","@id":"https:\/\/www.muatsdrawig.at\/#website","url":"https:\/\/www.muatsdrawig.at\/","name":"muats drawig","description":"Your leisure blog for excursion tips and vegan diversity in Austria","publisher":{"@id":"https:\/\/www.muatsdrawig.at\/#organization"},"potentialAction":[{"@type":"SearchAction","target":{"@type":"EntryPoint","urlTemplate":"https:\/\/www.muatsdrawig.at\/?s={search_term_string}"},"query-input":{"@type":"PropertyValueSpecification","valueRequired":true,"valueName":"search_term_string"}}],"inLanguage":"en-GB"},{"@type":"Organization","@id":"https:\/\/www.muatsdrawig.at\/#organization","name":"muats drawig","url":"https:\/\/www.muatsdrawig.at\/","logo":{"@type":"ImageObject","inLanguage":"en-GB","@id":"https:\/\/www.muatsdrawig.at\/#\/schema\/logo\/image\/","url":"https:\/\/i0.wp.com\/www.muatsdrawig.at\/wp-content\/uploads\/2022\/08\/Logo-quer-transparent-header.png?fit=2467%2C724&ssl=1","contentUrl":"https:\/\/i0.wp.com\/www.muatsdrawig.at\/wp-content\/uploads\/2022\/08\/Logo-quer-transparent-header.png?fit=2467%2C724&ssl=1","width":2467,"height":724,"caption":"muats drawig"},"image":{"@id":"https:\/\/www.muatsdrawig.at\/#\/schema\/logo\/image\/"}},{"@type":"Person","@id":"https:\/\/www.muatsdrawig.at\/#\/schema\/person\/6a5fe4ce4a9cf4b4a74391ead8d9302e","name":"Michael","image":{"@type":"ImageObject","inLanguage":"en-GB","@id":"https:\/\/secure.gravatar.com\/avatar\/2d4915e2fe68cbc60fe066a74be2cf383493e7aa6e7d17db9e71223d3030f3f2?s=96&d=mm&r=g","url":"https:\/\/secure.gravatar.com\/avatar\/2d4915e2fe68cbc60fe066a74be2cf383493e7aa6e7d17db9e71223d3030f3f2?s=96&d=mm&r=g","contentUrl":"https:\/\/secure.gravatar.com\/avatar\/2d4915e2fe68cbc60fe066a74be2cf383493e7aa6e7d17db9e71223d3030f3f2?s=96&d=mm&r=g","caption":"Michael"},"description":"Michael is a talented amateur photographer, a thoroughbred dog dad and has a penchant for disruptive action. Trips from Salzburg to Jesolo with over 4000 metres in altitude by bike are a Sunday outing for him.","sameAs":["https:\/\/www.instagram.com\/x_wish.pics_x\/"],"url":"https:\/\/www.muatsdrawig.at\/en\/author\/wishpics"}]}},"jetpack_publicize_connections":[],"jetpack_featured_media_url":"https:\/\/i0.wp.com\/www.muatsdrawig.at\/wp-content\/uploads\/2023\/03\/33350F98-2C00-4A2B-888C-4A97886850D4.jpeg?fit=2000%2C1333&ssl=1","jetpack_sharing_enabled":true,"jetpack_likes_enabled":true,"_links":{"self":[{"href":"https:\/\/www.muatsdrawig.at\/en\/wp-json\/wp\/v2\/posts\/4221","targetHints":{"allow":["GET"]}}],"collection":[{"href":"https:\/\/www.muatsdrawig.at\/en\/wp-json\/wp\/v2\/posts"}],"about":[{"href":"https:\/\/www.muatsdrawig.at\/en\/wp-json\/wp\/v2\/types\/post"}],"author":[{"embeddable":true,"href":"https:\/\/www.muatsdrawig.at\/en\/wp-json\/wp\/v2\/users\/2"}],"replies":[{"embeddable":true,"href":"https:\/\/www.muatsdrawig.at\/en\/wp-json\/wp\/v2\/comments?post=4221"}],"version-history":[{"count":18,"href":"https:\/\/www.muatsdrawig.at\/en\/wp-json\/wp\/v2\/posts\/4221\/revisions"}],"predecessor-version":[{"id":7860,"href":"https:\/\/www.muatsdrawig.at\/en\/wp-json\/wp\/v2\/posts\/4221\/revisions\/7860"}],"wp:featuredmedia":[{"embeddable":true,"href":"https:\/\/www.muatsdrawig.at\/en\/wp-json\/wp\/v2\/media\/4245"}],"wp:attachment":[{"href":"https:\/\/www.muatsdrawig.at\/en\/wp-json\/wp\/v2\/media?parent=4221"}],"wp:term":[{"taxonomy":"category","embeddable":true,"href":"https:\/\/www.muatsdrawig.at\/en\/wp-json\/wp\/v2\/categories?post=4221"},{"taxonomy":"post_tag","embeddable":true,"href":"https:\/\/www.muatsdrawig.at\/en\/wp-json\/wp\/v2\/tags?post=4221"}],"curies":[{"name":"wp","href":"https:\/\/api.w.org\/{rel}","templated":true}]}}